{"id":4360,"date":"2023-02-24T08:41:31","date_gmt":"2023-02-24T08:41:31","guid":{"rendered":"https:\/\/ladepeche.mr\/?p=4360"},"modified":"2023-02-24T09:31:56","modified_gmt":"2023-02-24T09:31:56","slug":"declaration-du-conseil-de-latlantique-nord-un-an-apres-le-debut-de-la-guerre-dagression-que-la-russie-mene-contre-lukraine","status":"publish","type":"post","link":"https:\/\/ladepeche.mr\/?p=4360","title":{"rendered":"D\u00e9claration du Conseil de l\u2019Atlantique Nord, un an apr\u00e8s le d\u00e9but de la guerre d\u2019agression que la Russie m\u00e8ne contre l\u2019Ukraine"},"content":{"rendered":"<p><strong>Les pays invit\u00e9s \u00e0 rejoindre l\u2019Alliance s\u2019associent \u00e0 cette d\u00e9claration<\/strong>.<\/p>\n<p>1. Il y a un an, la Russie d\u00e9clenchait une guerre d\u2019agression brutale contre l\u2019Ukraine, faisant na\u00eetre, pour la s\u00e9curit\u00e9 euro-atlantique, la menace la plus grave depuis des d\u00e9cennies. Aujourd\u2019hui, nous, les Alli\u00e9s, r\u00e9affirmons solennellement notre solidarit\u00e9 avec le gouvernement et le peuple ukrainiens, qui d\u00e9fendent h\u00e9ro\u00efquement leur patrie et leur sol, en m\u00eame temps que nos valeurs communes. Nous rendons hommage \u00e0 celles et ceux qui ont perdu la vie, et nous d\u00e9plorons les tragiques souffrances ainsi que les effroyables destructions provoqu\u00e9es en Ukraine par la guerre que m\u00e8ne la Russie en toute ill\u00e9galit\u00e9, notamment la destruction de zones r\u00e9sidentielles et d\u2019infrastructures civiles et \u00e9nerg\u00e9tiques.<\/p>\n<p>2. Alors que l\u2019Ukraine se d\u00e9fend face \u00e0 l\u2019invasion russe, nous intensifions encore le soutien politique et pratique que nous lui apportons, et nous continuerons de la soutenir aussi longtemps qu\u2019il le faudra pour qu\u2019elle l\u2019emporte. \u00c0 cette fin, l\u2019OTAN continuera de travailler en concertation \u00e9troite avec les parties concern\u00e9es, notamment les organisations internationales, en particulier l\u2019Union europ\u00e9enne, et les pays partageant nos valeurs. Nous demeurons r\u00e9solus \u00e0 aider l\u2019Ukraine dans les efforts de longue haleine qu\u2019elle d\u00e9ploie pour garder sa libert\u00e9 et pr\u00e9server sa d\u00e9mocratie. Nous r\u00e9affirmons notre attachement ind\u00e9fectible \u00e0 l\u2019ind\u00e9pendance de l\u2019Ukraine, \u00e0 sa souverainet\u00e9 et \u00e0 son int\u00e9grit\u00e9 territoriale \u00e0 l\u2019int\u00e9rieur de ses fronti\u00e8res internationalement reconnues. Nous soutenons pleinement l\u2019Ukraine dans le droit naturel qui est le sien de se d\u00e9fendre et de choisir elle-m\u00eame ses arrangements de s\u00e9curit\u00e9.<\/p>\n<p>3. La Russie porte l\u2019enti\u00e8re responsabilit\u00e9 de cette guerre, violation flagrante du droit international et de la Charte des Nations Unies. Par ses agissements, elle bafoue les principes de l\u2019OSCE et les engagements pris dans le cadre de celle-ci, et elle porte gravement atteinte \u00e0 la s\u00e9curit\u00e9 et \u00e0 la stabilit\u00e9 dans le monde ainsi qu\u2019\u00e0 l\u2019ordre international fond\u00e9 sur des r\u00e8gles. Nous avons appel\u00e9 la Russie \u00e0 s\u2019engager de mani\u00e8re constructive dans des n\u00e9gociations sinc\u00e8res avec l\u2019Ukraine, mais elle ne s\u2019est \u00e0 aucun moment montr\u00e9e v\u00e9ritablement pr\u00eate \u00e0 travailler \u00e0 une paix juste et durable. Nous demeurons d\u00e9termin\u00e9s \u00e0 maintenir sur la Russie une pression coordonn\u00e9e au niveau international. Nous condamnons tous ceux, et notamment le B\u00e9larus, qui facilitent activement la guerre que m\u00e8ne la Russie. Les crimes de guerre et autres atrocit\u00e9s perp\u00e9tr\u00e9s par les Russes ne sauraient rester impunis. Tous les auteurs d\u2019exactions ou d\u2019atteintes aux droits de la personne et au droit international humanitaire, en particulier contre la population civile ukrainienne, notamment ceux qui se livrent \u00e0 la d\u00e9portation d\u2019enfants ou \u00e0 des violences sexuelles li\u00e9es au conflit, devront r\u00e9pondre de leurs actes. La Russie doit imm\u00e9diatement mettre fin \u00e0 cette guerre et retirer d\u2019Ukraine l\u2019ensemble des forces arm\u00e9es qu\u2019elle y a d\u00e9ploy\u00e9es, conform\u00e9ment \u00e0 la r\u00e9solution que l\u2019Assembl\u00e9e g\u00e9n\u00e9rale des Nations Unies a adopt\u00e9e le 23 f\u00e9vrier 2023 et aux autres r\u00e9solutions applicables de l\u2019Assembl\u00e9e g\u00e9n\u00e9rale des Nations Unies.<\/p>\n<p>4. La guerre d\u00e9clench\u00e9e par la Russie repr\u00e9sente une menace pour la s\u00e9curit\u00e9 internationale. Le chantage \u00e9nerg\u00e9tique de la Russie, les cons\u00e9quences de ses agissements sur les approvisionnements alimentaires au niveau mondial, ses activit\u00e9s hybrides malveillantes, la campagne de d\u00e9sinformation qu\u2019elle m\u00e8ne \u00e0 l\u2019\u00e9chelle internationale et son discours irresponsable en mati\u00e8re nucl\u00e9aire sont r\u00e9v\u00e9lateurs de son m\u00e9pris flagrant pour les r\u00e8gles internationales et pour le sort de milliards de personnes de par le monde.<\/p>\n<p>5. Nous continuerons d\u2019\u0153uvrer en faveur de la paix, de la s\u00e9curit\u00e9 et de la stabilit\u00e9 dans l\u2019ensemble de la zone euro-atlantique. L&#8217;OTAN est une alliance d\u00e9fensive. Nous renfor\u00e7ons sensiblement notre posture de dissuasion et de d\u00e9fense, et nous demeurons pr\u00eats \u00e0 d\u00e9fendre chaque centim\u00e8tre carr\u00e9 du territoire de l\u2019Alliance suivant notre approche \u00e0 360 degr\u00e9s, qui englobe toutes les menaces et tous les d\u00e9fis. Notre attachement au trait\u00e9 de Washington, et notamment \u00e0 son article 5, est sans faille. L\u2019OTAN est plus forte et plus unie que jamais. Nous nous f\u00e9licitons que la Finlande et la Su\u00e8de aient d\u00e9cid\u00e9 de devenir membres de l\u2019Alliance, et nous r\u00e9affirmons que nous sommes attach\u00e9s \u00e0 la politique de la porte ouverte de l\u2019OTAN. Nous continuerons de d\u00e9velopper notre partenariat avec l\u2019Ukraine, qui travaille \u00e0 la r\u00e9alisation de ses aspirations euro-atlantiques. Nous nous employons en outre \u00e0 consolider nos autres partenariats, notamment en apportant une aide aux pays les plus expos\u00e9s \u00e0 l\u2019influence malfaisante de la Russie.<\/p>\n<p>6. La Russie n\u2019est pas parvenue \u00e0 briser la d\u00e9termination ni \u00e0 entamer le courage du peuple ukrainien. Un an apr\u00e8s l\u2019invasion, les Ukrainiens continuent de d\u00e9fendre vaillamment leur libert\u00e9 et leur ind\u00e9pendance. Nous sommes \u00e0 leurs c\u00f4t\u00e9s.<\/p>\n<p>Source NATO<\/p>\n","protected":false},"excerpt":{"rendered":"<p>Les pays invit\u00e9s \u00e0 rejoindre l\u2019Alliance s\u2019associent \u00e0 cette d\u00e9claration. 1. Il y a un an, la Russie d\u00e9clenchait une guerre d\u2019agression brutale contre l\u2019Ukraine, faisant na\u00eetre, pour la s\u00e9curit\u00e9 euro-atlantique, la menace la plus grave depuis des d\u00e9cennies. Aujourd\u2019hui, nous, les Alli\u00e9s, r\u00e9affirmons solennellement notre solidarit\u00e9 avec le gouvernement et le peuple ukrainiens, qui &hellip;<\/p>\n","protected":false},"author":2,"featured_media":2018,"comment_status":"open","ping_status":"open","sticky":false,"template":"","format":"standard","meta":{"footnotes":""},"categories":[18,29,19],"tags":[],"class_list":["post-4360","post","type-post","status-publish","format-standard","has-post-thumbnail","hentry","category-actualites","category-monde","category-tribune"],"_links":{"self":[{"href":"https:\/\/ladepeche.mr\/index.php?rest_route=\/wp\/v2\/posts\/4360","targetHints":{"allow":["GET"]}}],"collection":[{"href":"https:\/\/ladepeche.mr\/index.php?rest_route=\/wp\/v2\/posts"}],"about":[{"href":"https:\/\/ladepeche.mr\/index.php?rest_route=\/wp\/v2\/types\/post"}],"author":[{"embeddable":true,"href":"https:\/\/ladepeche.mr\/index.php?rest_route=\/wp\/v2\/users\/2"}],"replies":[{"embeddable":true,"href":"https:\/\/ladepeche.mr\/index.php?rest_route=%2Fwp%2Fv2%2Fcomments&post=4360"}],"version-history":[{"count":2,"href":"https:\/\/ladepeche.mr\/index.php?rest_route=\/wp\/v2\/posts\/4360\/revisions"}],"predecessor-version":[{"id":4362,"href":"https:\/\/ladepeche.mr\/index.php?rest_route=\/wp\/v2\/posts\/4360\/revisions\/4362"}],"wp:featuredmedia":[{"embeddable":true,"href":"https:\/\/ladepeche.mr\/index.php?rest_route=\/wp\/v2\/media\/2018"}],"wp:attachment":[{"href":"https:\/\/ladepeche.mr\/index.php?rest_route=%2Fwp%2Fv2%2Fmedia&parent=4360"}],"wp:term":[{"taxonomy":"category","embeddable":true,"href":"https:\/\/ladepeche.mr\/index.php?rest_route=%2Fwp%2Fv2%2Fcategories&post=4360"},{"taxonomy":"post_tag","embeddable":true,"href":"https:\/\/ladepeche.mr\/index.php?rest_route=%2Fwp%2Fv2%2Ftags&post=4360"}],"curies":[{"name":"wp","href":"https:\/\/api.w.org\/{rel}","templated":true}]}}