{"id":4363,"date":"2023-02-24T13:30:03","date_gmt":"2023-02-24T13:30:03","guid":{"rendered":"https:\/\/ladepeche.mr\/?p=4363"},"modified":"2023-02-25T20:36:09","modified_gmt":"2023-02-25T20:36:09","slug":"salon-international-du-livre-en-mauritanie-en-ecrire-une-nouvelle-page","status":"publish","type":"post","link":"https:\/\/ladepeche.mr\/?p=4363","title":{"rendered":"Salon International du Livre en Mauritanie: En \u00e9crire une nouvelle page !"},"content":{"rendered":"<p>Du 09 au 12 mars 2023, Nouakchott abrite la premi\u00e8re \u00e9dition du Salon International du Livre (SILM). Une exposition, sans doute, all\u00e9chante par son programme et un espace d&#8217;\u00e9change sur les avantages et les d\u00e9fis sur la culture du Livre: avantages et d\u00e9fis.<\/p>\n<p>D\u00e9cid\u00e9ment rien ne semble devoir arr\u00eater Mohamed Ouahdoudi, pilier de la Convention Europe Afrique du Nord (CEAN) et de l\u2019Association AREEA. En effet, \u00e0 peine la 18\u00e8me \u00e9dition de la CEAN termin\u00e9e (novembre 2022) qu&#8217;il enchaine en inaugurant la 1\u00e8re \u00e9dition du Salon International du Livre en Mauritanie \u2013 Silm Expo pr\u00e9vue du 9 au 12 mars 2023 \u00e0 l\u2019h\u00f4tel Mauricenter \u00e0 Nouakchott. <\/p>\n<blockquote><p>Le programme p\u00eale-m\u00eale <\/p>\n<p>&#8211; Secrets d&#8217;\u00e9criture, \u00e9critures secr\u00e8tes<br \/>\n&#8211; Le mythe de l&#8217;entrepreneur<br \/>\n&#8211; Lecture rapide pourquoi faire ?<br \/>\n&#8211; Le digital un illettrisme d\u00e9guis\u00e9 ?<br \/>\n&#8211; Quelles lectures pour enfants et adolescents ?<br \/>\n&#8211;  Guides \u00e9conomiques pour entreprendre en Mauritanie<br \/>\n&#8211; Lectures touristiques en Mauritanie<br \/>\n&#8211; Comment publier en Afrique de l&#8217;ouest ?<br \/>\n &#8211; Le livre scolaire enjeux et perspectives<br \/>\n&#8211; Quelle politique du livre en Mauritanie ?<br \/>\n&#8211; Diversit\u00e9 linguistique et \u00e9dition<br \/>\n&#8211; Protection des droits d&#8217;auteur<br \/>\n&#8211; Polycopies un mal n\u00e9cessaire?<br \/>\n&#8211; Le PDF<br \/>\n&#8211; Lectures sous influences<br \/>\n&#8211; Livre audio pour quels publics?<br \/>\n&#8211; Faire aimer la lecture \u00e0 l&#8217;\u00e9cole<br \/>\n&#8211; Nouakchott capitale culturelle du monde islamique en 2023<br \/>\n&#8211; Innovations en \u00e9dition et diffusion<br \/>\n&#8211; R\u00f4le des m\u00e9dias dans la promotion du livre<br \/>\n&#8211; Un budget culture pour la famille<\/p><\/blockquote>\n<p>Cette premi\u00e8re \u00e9dition d\u00e9di\u00e9e au Livre par Mohamed Al Ouahdoudi et ses partenaires est une premi\u00e8re. Ses initiateurs la souhaitent fondatrice d\u2019une nouvelle dynamique o\u00f9 le Livre en Mauritanie retrouve la place qui a toujours \u00e9t\u00e9 la sienne dans le c\u0153ur et l\u2019environnement mauritanien. L\u2019\u00e9v\u00e9nement s\u2019arrime d\u2019ailleurs parfaitement \u00e0 un autre : Nouakchott Capitale Culturelle du Monde Islamique en 2023. Une concomitance qui pourrait permettre au Salon international du Livre en Mauritanie de briller de mil \u00e9toiles. Le SILM viendrait ainsi en appoint aux efforts des pouvoirs publics pour satisfaire la demande. Mais ce n&#8217;est pas tout. Le SILM est fort d&#8217;une enqu\u00eate de terrain qui met en \u00e9vidence l&#8217;importance de la lecture et de sa digitalisation notamment pour les enfants. Les organisateurs placent, d&#8217;ailleurs, l&#8217;\u00e9panouissement de l&#8217;enfant au c\u0153ur du projet. &#8221; La digitalisation de la lecture : ce sera un th\u00e8me au c\u0153ur du Silm Expo pour faire profiter les visiteurs de tous \u00e2ges des ressources illimit\u00e9es du num\u00e9rique au service de la culture&#8221; assurent les organisateurs.<br \/>\nEt cerise sur le g\u00e2teau, ce Salon International verra la participation de sommit\u00e9s de la lecture dont le double champion du monde et de France de lecture rapide, avec une grande sp\u00e9cialiste de l\u2019\u00e9laboration de la carte mentale. Ce couple Nadia et Kamel, aux commandes de &#8220;Graines de r\u00e9ussite&#8221;, qui rencontre un franc succ\u00e8s en France, pr\u00e9sentera lors de stages d\u2019une \u00e0 deux heures les secrets de ses m\u00e9thodes tant pour les adultes que pour les adolescents et les jeunes enfants.  \u00abGraines de r\u00e9ussite \u00bb est leur Centre de Formation et de Coaching connu pour la qualit\u00e9 de l\u2019enseignement dispens\u00e9 pour d\u00e9velopper toujours plus de comp\u00e9tences.<br \/>\nSilmexpo offira, par ailleurs, un espace de discussion et de pr\u00e9sentation de solutions pour le livre sous toutes ses formes, et l\u2019encouragement de la lecture. Enfin, il y aura une &#8220;All\u00e9e des \u00e9crivains&#8221; o\u00f9 l&#8217;on pourra croiser des \u00e9crivains mauritaniens d\u2019actualit\u00e9 qui pr\u00e9senteront leurs ouvrage et les d\u00e9dicaceront.<br \/>\nJD<\/p>\n","protected":false},"excerpt":{"rendered":"<p>Du 09 au 12 mars 2023, Nouakchott abrite la premi\u00e8re \u00e9dition du Salon International du Livre (SILM). Une exposition, sans doute, all\u00e9chante par son programme et un espace d&#8217;\u00e9change sur les avantages et les d\u00e9fis sur la culture du Livre: avantages et d\u00e9fis. D\u00e9cid\u00e9ment rien ne semble devoir arr\u00eater Mohamed Ouahdoudi, pilier de la Convention &hellip;<\/p>\n","protected":false},"author":2,"featured_media":4367,"comment_status":"open","ping_status":"open","sticky":false,"template":"","format":"standard","meta":{"footnotes":""},"categories":[18,15],"tags":[],"class_list":["post-4363","post","type-post","status-publish","format-standard","has-post-thumbnail","hentry","category-actualites","category-culture"],"_links":{"self":[{"href":"https:\/\/ladepeche.mr\/index.php?rest_route=\/wp\/v2\/posts\/4363","targetHints":{"allow":["GET"]}}],"collection":[{"href":"https:\/\/ladepeche.mr\/index.php?rest_route=\/wp\/v2\/posts"}],"about":[{"href":"https:\/\/ladepeche.mr\/index.php?rest_route=\/wp\/v2\/types\/post"}],"author":[{"embeddable":true,"href":"https:\/\/ladepeche.mr\/index.php?rest_route=\/wp\/v2\/users\/2"}],"replies":[{"embeddable":true,"href":"https:\/\/ladepeche.mr\/index.php?rest_route=%2Fwp%2Fv2%2Fcomments&post=4363"}],"version-history":[{"count":6,"href":"https:\/\/ladepeche.mr\/index.php?rest_route=\/wp\/v2\/posts\/4363\/revisions"}],"predecessor-version":[{"id":4418,"href":"https:\/\/ladepeche.mr\/index.php?rest_route=\/wp\/v2\/posts\/4363\/revisions\/4418"}],"wp:featuredmedia":[{"embeddable":true,"href":"https:\/\/ladepeche.mr\/index.php?rest_route=\/wp\/v2\/media\/4367"}],"wp:attachment":[{"href":"https:\/\/ladepeche.mr\/index.php?rest_route=%2Fwp%2Fv2%2Fmedia&parent=4363"}],"wp:term":[{"taxonomy":"category","embeddable":true,"href":"https:\/\/ladepeche.mr\/index.php?rest_route=%2Fwp%2Fv2%2Fcategories&post=4363"},{"taxonomy":"post_tag","embeddable":true,"href":"https:\/\/ladepeche.mr\/index.php?rest_route=%2Fwp%2Fv2%2Ftags&post=4363"}],"curies":[{"name":"wp","href":"https:\/\/api.w.org\/{rel}","templated":true}]}}