{"id":4373,"date":"2023-02-24T14:08:34","date_gmt":"2023-02-24T14:08:34","guid":{"rendered":"https:\/\/ladepeche.mr\/?p=4373"},"modified":"2023-02-24T14:09:17","modified_gmt":"2023-02-24T14:09:17","slug":"cour-supreme-suspension-de-la-decision-de-lona-visant-a-revoquer-me-sidi-el-mokhtar-ould-sidi","status":"publish","type":"post","link":"https:\/\/ladepeche.mr\/?p=4373","title":{"rendered":"Cour Supr\u00eame : Suspension de la d\u00e9cision de l\u2019Ona visant \u00e0 r\u00e9voquer Me Sidi El Mokhtar Ould Sidi"},"content":{"rendered":"<p>Le pr\u00e9sident de la Chambre civile et sociale \u00e0 la Cour Supr\u00eame, Mohamed El Gheith Ould Oumar, a suspendu la d\u00e9cision prise le 22 f\u00e9vrier 2023 par le conseil de l\u2019Ordre national des avocats (ONA) r\u00e9voquant Me Sidi El Mokhtar Ould Sidi, a-t-on appris de source officielle.<br \/>\nLa motivation de la d\u00e9cision de suspension de l\u2019avocat s\u2019expliquerait, selon le pr\u00e9sident de la Chambre civile et sociale \u00e0 la Cour Supr\u00eame, Mohamed El Gheith Ould Oumar par le fait que la chambre concern\u00e9e ne serait pas mat\u00e9riellement pr\u00eate pour statuer sur cette affaire. En cons\u00e9quence, il a annonc\u00e9 sa d\u00e9cision de surseoir \u00e0 l\u2019application de la mesure de r\u00e9vocation prise par l\u2019Ona contre Me Mokhtar Ould Sidi.<br \/>\nredaction@ladepeche.mr<\/p>\n","protected":false},"excerpt":{"rendered":"<p>Le pr\u00e9sident de la Chambre civile et sociale \u00e0 la Cour Supr\u00eame, Mohamed El Gheith Ould Oumar, a suspendu la d\u00e9cision prise le 22 f\u00e9vrier 2023 par le conseil de l\u2019Ordre national des avocats (ONA) r\u00e9voquant Me Sidi El Mokhtar Ould Sidi, a-t-on appris de source officielle. La motivation de la d\u00e9cision de suspension de &hellip;<\/p>\n","protected":false},"author":2,"featured_media":4374,"comment_status":"open","ping_status":"open","sticky":false,"template":"","format":"standard","meta":{"footnotes":""},"categories":[18,1],"tags":[],"class_list":["post-4373","post","type-post","status-publish","format-standard","has-post-thumbnail","hentry","category-actualites","category-uncategorized"],"_links":{"self":[{"href":"https:\/\/ladepeche.mr\/index.php?rest_route=\/wp\/v2\/posts\/4373","targetHints":{"allow":["GET"]}}],"collection":[{"href":"https:\/\/ladepeche.mr\/index.php?rest_route=\/wp\/v2\/posts"}],"about":[{"href":"https:\/\/ladepeche.mr\/index.php?rest_route=\/wp\/v2\/types\/post"}],"author":[{"embeddable":true,"href":"https:\/\/ladepeche.mr\/index.php?rest_route=\/wp\/v2\/users\/2"}],"replies":[{"embeddable":true,"href":"https:\/\/ladepeche.mr\/index.php?rest_route=%2Fwp%2Fv2%2Fcomments&post=4373"}],"version-history":[{"count":3,"href":"https:\/\/ladepeche.mr\/index.php?rest_route=\/wp\/v2\/posts\/4373\/revisions"}],"predecessor-version":[{"id":4377,"href":"https:\/\/ladepeche.mr\/index.php?rest_route=\/wp\/v2\/posts\/4373\/revisions\/4377"}],"wp:featuredmedia":[{"embeddable":true,"href":"https:\/\/ladepeche.mr\/index.php?rest_route=\/wp\/v2\/media\/4374"}],"wp:attachment":[{"href":"https:\/\/ladepeche.mr\/index.php?rest_route=%2Fwp%2Fv2%2Fmedia&parent=4373"}],"wp:term":[{"taxonomy":"category","embeddable":true,"href":"https:\/\/ladepeche.mr\/index.php?rest_route=%2Fwp%2Fv2%2Fcategories&post=4373"},{"taxonomy":"post_tag","embeddable":true,"href":"https:\/\/ladepeche.mr\/index.php?rest_route=%2Fwp%2Fv2%2Ftags&post=4373"}],"curies":[{"name":"wp","href":"https:\/\/api.w.org\/{rel}","templated":true}]}}