{"id":4378,"date":"2023-02-24T14:16:51","date_gmt":"2023-02-24T14:16:51","guid":{"rendered":"https:\/\/ladepeche.mr\/?p=4378"},"modified":"2023-02-24T14:16:51","modified_gmt":"2023-02-24T14:16:51","slug":"la-presidence-de-la-republique-annonce-la-nomination-dun-charge-de-mission-et-de-conseillers-a-la-primature","status":"publish","type":"post","link":"https:\/\/ladepeche.mr\/?p=4378","title":{"rendered":"La Pr\u00e9sidence de la R\u00e9publique annonce la nomination d\u2019un charg\u00e9 de mission et de conseillers \u00e0 la Primature"},"content":{"rendered":"<p>La Pr\u00e9sidence de la R\u00e9publique a annonc\u00e9, par d\u00e9cret en date de ce vendredi, la nomination d\u2019un charg\u00e9 de mission et de conseillers \u00e0 la Primature, et dont les noms suivent :<\/p>\n<p>\u2013 1 Sidi Abdallahi Mohamed Lemine Saleck, charg\u00e9 de mission ;<\/p>\n<p>\u2013 2 Mahjouba Mint Habib, conseill\u00e8re charg\u00e9e du suivi et de l\u2019\u00e9valuation ;<\/p>\n<p>\u2013 3 Mohamed Lemine Ould Hamadi, Conseiller charg\u00e9 de l\u2019\u00e9conomie et des finances ;<\/p>\n<p>\u2013 4 Ahmed Ould El Haj, conseiller charg\u00e9 de l\u2019agriculture et de l\u2019\u00e9levage<br \/>\nAmi<\/p>\n","protected":false},"excerpt":{"rendered":"<p>La Pr\u00e9sidence de la R\u00e9publique a annonc\u00e9, par d\u00e9cret en date de ce vendredi, la nomination d\u2019un charg\u00e9 de mission et de conseillers \u00e0 la Primature, et dont les noms suivent : \u2013 1 Sidi Abdallahi Mohamed Lemine Saleck, charg\u00e9 de mission ; \u2013 2 Mahjouba Mint Habib, conseill\u00e8re charg\u00e9e du suivi et de l\u2019\u00e9valuation &hellip;<\/p>\n","protected":false},"author":2,"featured_media":4379,"comment_status":"open","ping_status":"open","sticky":false,"template":"","format":"standard","meta":{"footnotes":""},"categories":[18],"tags":[],"class_list":["post-4378","post","type-post","status-publish","format-standard","has-post-thumbnail","hentry","category-actualites"],"_links":{"self":[{"href":"https:\/\/ladepeche.mr\/index.php?rest_route=\/wp\/v2\/posts\/4378","targetHints":{"allow":["GET"]}}],"collection":[{"href":"https:\/\/ladepeche.mr\/index.php?rest_route=\/wp\/v2\/posts"}],"about":[{"href":"https:\/\/ladepeche.mr\/index.php?rest_route=\/wp\/v2\/types\/post"}],"author":[{"embeddable":true,"href":"https:\/\/ladepeche.mr\/index.php?rest_route=\/wp\/v2\/users\/2"}],"replies":[{"embeddable":true,"href":"https:\/\/ladepeche.mr\/index.php?rest_route=%2Fwp%2Fv2%2Fcomments&post=4378"}],"version-history":[{"count":1,"href":"https:\/\/ladepeche.mr\/index.php?rest_route=\/wp\/v2\/posts\/4378\/revisions"}],"predecessor-version":[{"id":4380,"href":"https:\/\/ladepeche.mr\/index.php?rest_route=\/wp\/v2\/posts\/4378\/revisions\/4380"}],"wp:featuredmedia":[{"embeddable":true,"href":"https:\/\/ladepeche.mr\/index.php?rest_route=\/wp\/v2\/media\/4379"}],"wp:attachment":[{"href":"https:\/\/ladepeche.mr\/index.php?rest_route=%2Fwp%2Fv2%2Fmedia&parent=4378"}],"wp:term":[{"taxonomy":"category","embeddable":true,"href":"https:\/\/ladepeche.mr\/index.php?rest_route=%2Fwp%2Fv2%2Fcategories&post=4378"},{"taxonomy":"post_tag","embeddable":true,"href":"https:\/\/ladepeche.mr\/index.php?rest_route=%2Fwp%2Fv2%2Ftags&post=4378"}],"curies":[{"name":"wp","href":"https:\/\/api.w.org\/{rel}","templated":true}]}}