{"id":4390,"date":"2023-02-25T14:07:19","date_gmt":"2023-02-25T14:07:19","guid":{"rendered":"https:\/\/ladepeche.mr\/?p=4390"},"modified":"2023-02-25T14:16:20","modified_gmt":"2023-02-25T14:16:20","slug":"le-secretaire-general-du-ministere-des-affaires-economiques-lance-un-projet-de-developpement-a-partir-de-la-commune-dashemim","status":"publish","type":"post","link":"https:\/\/ladepeche.mr\/?p=4390","title":{"rendered":"Le Secr\u00e9taire G\u00e9n\u00e9ral du Minist\u00e8re des Affaires Economiques lance un projet de d\u00e9veloppement \u00e0 partir de la commune d&#8217;Ashemim"},"content":{"rendered":"<p>Le secr\u00e9taire g\u00e9n\u00e9ral du minist\u00e8re des affaires \u00e9conomiques et de la promotion des secteurs productifs, M. Yacoub Ahmed  A\u00efcha  a proc\u00e9d\u00e9  au lancement du projet Promouvoir le D\u00e9veloppement \u00c9conomique Local et la Paix PRODEVELOP , ce mercredi au nom de son excellence le ministre des affaires \u00e9conomiques, dans la commune d&#8217;Ashemim, \u00e0 35 km \u00e0 l&#8217;est  de la Capital du Hodh Charqui, N\u00e9ma.<\/p>\n<p>Dans son allocution pour circonstance, le Secr\u00e9taire g\u00e9n\u00e9ral a indiqu\u00e9 que ce projet s&#8217;inscrit dans le cadre d&#8217;un dispositif d&#8217;approche Territoriale  int\u00e9gr\u00e9e en harmonie avec les orientations du Gouvernement  visant \u00e0 cr\u00e9er les conditions propices pour faire de la Wilaya du Hodh Charqui un territoire comp\u00e9titif,   attractif et porteur de d\u00e9veloppement durable \u00e0 l\u2019horizon 2025.<br \/>\n Des  objectifs stipul\u00e9s au cours de la Table Ronde de N\u00e9ma le 27 Novembre  2021, qui a permis un programme d\u2019investissement public couvrant 29 projets pour un co\u00fbt total de 118 Millions USD financ\u00e9s par nos partenaires au d\u00e9veloppement.<\/p>\n<p>Le Secr\u00e9taire g\u00e9n\u00e9ral a mis en exergue  que cette orientation strat\u00e9gique refl\u00e8te clairement la vision de Son Excellence M. Mohamed Ould Cheikh  El Ghazouani, visant \u00e0 \u00e9tablir un d\u00e9veloppement r\u00e9gional int\u00e9gr\u00e9 dont b\u00e9n\u00e9ficient les citoyens et \u00e0 r\u00e9duire l\u2019\u00e9cart entre les disparit\u00e9s entre les Wilayas dans leur trajectoire de d\u00e9veloppement.<\/p>\n<p>Il a ajout\u00e9 qu\u2019afin d\u2019assurer la mise en \u0153uvre harmonieuse et r\u00e9ussie des projets annonc\u00e9s, le Secteur des affaires \u00e9conomiques et de la promotion des secteurs productifs, entre autres, a mis en place une cellule charg\u00e9e de coordonner toutes les interventions des partenaires afin d\u2019int\u00e9grer les efforts et de veiller \u00e0 ce que les d\u00e9lais et la qualit\u00e9 de la performance soient respect\u00e9s jusqu\u2019\u00e0 l\u2019ach\u00e8vement des travaux sur le dernier projet programm\u00e9.<\/p>\n<p>Parlant du projet, qui a \u00e9t\u00e9 lanc\u00e9 par la commune d\u2019Ashemim, le Secr\u00e9taire g\u00e9n\u00e9ral a d\u00e9clar\u00e9 que ce projet \u00e0 Contribuer \u00e0 la promotion de la paix, \u00e0 la pr\u00e9vention des conflits et au d\u00e9veloppement dans les Moughataas de Nema, Amourj, Adel Baghrou.<\/p>\n<p>Ce projet accordera une attention particuli\u00e8re aux jeunes et aux femmes dans ses interventions, qui mettront \u00e9galement l\u2019accent sur la promotion des secteurs productifs, en particulier le d\u00e9veloppement de l\u2019\u00e9levage et de l\u2019agriculture, en tant que levier de d\u00e9veloppement.<\/p>\n<p>Le co\u00fbt de ce projet est de 6 millions d\u2019euros, soit plus de deux milliards d\u2019Ouguiyas, pour une dur\u00e9e de 60 mois.<br \/>\nLa c\u00e9r\u00e9monie de lancement du projet s\u2019est d\u00e9roul\u00e9e en pr\u00e9sence du Wali du Hodh Charqui, du pr\u00e9sident du Conseil r\u00e9gional, du maire de la commune d\u2019Achemim et du Coordonnateur de la Cellule de Coordination et de Suivi-Evaluation des projets et programmes de d\u00e9veloppement du Hodh Charqui.<br \/>\nSource MAEPSP<\/p>\n","protected":false},"excerpt":{"rendered":"<p>Le secr\u00e9taire g\u00e9n\u00e9ral du minist\u00e8re des affaires \u00e9conomiques et de la promotion des secteurs productifs, M. Yacoub Ahmed A\u00efcha a proc\u00e9d\u00e9 au lancement du projet Promouvoir le D\u00e9veloppement \u00c9conomique Local et la Paix PRODEVELOP , ce mercredi au nom de son excellence le ministre des affaires \u00e9conomiques, dans la commune d&#8217;Ashemim, \u00e0 35 km \u00e0 &hellip;<\/p>\n","protected":false},"author":2,"featured_media":4399,"comment_status":"open","ping_status":"open","sticky":false,"template":"","format":"standard","meta":{"footnotes":""},"categories":[18,2],"tags":[],"class_list":["post-4390","post","type-post","status-publish","format-standard","has-post-thumbnail","hentry","category-actualites","category-economie"],"_links":{"self":[{"href":"https:\/\/ladepeche.mr\/index.php?rest_route=\/wp\/v2\/posts\/4390","targetHints":{"allow":["GET"]}}],"collection":[{"href":"https:\/\/ladepeche.mr\/index.php?rest_route=\/wp\/v2\/posts"}],"about":[{"href":"https:\/\/ladepeche.mr\/index.php?rest_route=\/wp\/v2\/types\/post"}],"author":[{"embeddable":true,"href":"https:\/\/ladepeche.mr\/index.php?rest_route=\/wp\/v2\/users\/2"}],"replies":[{"embeddable":true,"href":"https:\/\/ladepeche.mr\/index.php?rest_route=%2Fwp%2Fv2%2Fcomments&post=4390"}],"version-history":[{"count":1,"href":"https:\/\/ladepeche.mr\/index.php?rest_route=\/wp\/v2\/posts\/4390\/revisions"}],"predecessor-version":[{"id":4391,"href":"https:\/\/ladepeche.mr\/index.php?rest_route=\/wp\/v2\/posts\/4390\/revisions\/4391"}],"wp:featuredmedia":[{"embeddable":true,"href":"https:\/\/ladepeche.mr\/index.php?rest_route=\/wp\/v2\/media\/4399"}],"wp:attachment":[{"href":"https:\/\/ladepeche.mr\/index.php?rest_route=%2Fwp%2Fv2%2Fmedia&parent=4390"}],"wp:term":[{"taxonomy":"category","embeddable":true,"href":"https:\/\/ladepeche.mr\/index.php?rest_route=%2Fwp%2Fv2%2Fcategories&post=4390"},{"taxonomy":"post_tag","embeddable":true,"href":"https:\/\/ladepeche.mr\/index.php?rest_route=%2Fwp%2Fv2%2Ftags&post=4390"}],"curies":[{"name":"wp","href":"https:\/\/api.w.org\/{rel}","templated":true}]}}