{"id":4396,"date":"2023-02-25T14:12:22","date_gmt":"2023-02-25T14:12:22","guid":{"rendered":"https:\/\/ladepeche.mr\/?p=4396"},"modified":"2023-02-25T14:12:22","modified_gmt":"2023-02-25T14:12:22","slug":"tunisie-les-subsahariens-sur-le-qui-vive-apres-la-charge-de-saied","status":"publish","type":"post","link":"https:\/\/ladepeche.mr\/?p=4396","title":{"rendered":"Tunisie : les Subsahariens sur le qui-vive apr\u00e8s la charge de Saied"},"content":{"rendered":"<p>&#8220;Nous voulons rentrer au pays&#8221;: Constant est venu t\u00f4t vendredi \u00e0 l&#8217;ambassade de C\u00f4te d&#8217;Ivoire en Tunisie pour se faire rapatrier, apr\u00e8s une vague d&#8217;arrestations et des propos tr\u00e8s durs du pr\u00e9sident Kais Saied \u00e0 l&#8217;encontre des migrants subsahariens.<\/p>\n<p>Pendant deux heures, un ballet incessant de taxis d\u00e9pose des dizaines de personnes venues dans l&#8217;espoir qu&#8217;Abidjan organise au plus vite des vols retour. Un couple, expuls\u00e9 de son logement, a d\u00e9pos\u00e9 des baluchons et des valises \u00e0 m\u00eame le trottoir.<\/p>\n<p>Trois jeunes femmes descendent d&#8217;une voiture conduite par une \u00e9l\u00e9gante Tunisienne. Sous couvert d&#8217;anonymat, elle confie \u00e0 l&#8217;AFP que &#8220;ce sont des employ\u00e9es de son salon d&#8217;esth\u00e9tique depuis deux ans&#8221; qu&#8217;elle a accompagn\u00e9es pour s&#8217;inscrire pour quitter la Tunisie &#8220;o\u00f9 elles ne se sentent plus en s\u00e9curit\u00e9&#8221;.<\/p>\n<p>Pour Aboubacar Dobe, directeur de la Radio Libre Francophone, un m\u00e9dia communautaire africain, &#8220;c&#8217;est \u00e9vident qu&#8217;il y a une diff\u00e9rence entre avant et apr\u00e8s le discours&#8221; du pr\u00e9sident Saied.<\/p>\n<p>Mardi soir, M. Saied a annonc\u00e9 des &#8220;mesures urgentes&#8221; contre l&#8217;immigration ill\u00e9gale subsaharienne en Tunisie, d\u00e9non\u00e7ant l&#8217;arriv\u00e9e de &#8220;hordes de clandestins&#8221; et &#8220;une entreprise criminelle pour changer la composition d\u00e9mographique&#8221; du pays, des propos condamn\u00e9s vendredi par l&#8217;Union Africaine qui a invit\u00e9 ses \u00e9tats membres \u00e0 &#8220;s&#8217;abstenir de tout discours haineux \u00e0 caract\u00e8re raciste, susceptible de nuire aux personnes&#8221;.<\/p>\n<p>&#8220;Quand c&#8217;\u00e9tait juste le Parti nationaliste tunisien (ouvertement raciste, NDLR) ou les r\u00e9seaux sociaux, les gens se disaient que l&#8217;Etat allait les prot\u00e9ger mais maintenant ils se sentent abandonn\u00e9s&#8221;, explique M. Dobe, disant lui-m\u00eame faire l&#8217;objet de menaces t\u00e9l\u00e9phoniques.<\/p>\n<p>Constant, sans travail depuis six mois, a form\u00e9 un groupe WhatsApp de migrants voulant rentrer. Beaucoup d&#8217;entre eux d\u00e9noncent ces derni\u00e8res nuits des incendies au pied d&#8217;immeubles ou des tentatives d&#8217;intrusion chez des compatriotes \u00e0 Tunis et \u00e0 Sfax, ville d&#8217;o\u00f9 partent r\u00e9guli\u00e8rement vers l&#8217;Europe des dizaines de migrants en situation irr\u00e9guli\u00e8re.<\/p>\n<p>&#8220;Les bailleurs (propri\u00e9taires) nous mettent dehors, on nous frappe, on nous maltraite. Pour plus de s\u00e9curit\u00e9, on pr\u00e9f\u00e8re venir \u00e0 notre ambassade s&#8217;inscrire pour rentrer&#8221;, confie Wilfrid Badia, 34 ans, qui vivote de petits boulots depuis 6 ans.<\/p>\n<p>Pour Hosni Maati, avocat au barreau de Paris, qui assiste l&#8217;Association des Ivoiriens de Tunisie, &#8220;depuis le discours du pr\u00e9sident, les gens se l\u00e2chent compl\u00e8tement&#8221;.<\/p>\n<p>&#8211; &#8220;M\u00e9andres administratifs&#8221; &#8211;<\/p>\n<p>La situation d&#8217;ill\u00e9galit\u00e9 de beaucoup de Subsahariens n&#8217;est pas nouvelle mais avant les autorit\u00e9s &#8220;fermaient les yeux&#8221;, explique-t-il. Ce qui permettait \u00e0 certains &#8220;d&#8217;exploiter&#8221; des travailleurs \u00e0 bas co\u00fbt, \u00e0 c\u00f4t\u00e9 d'&#8221;employeurs de bonne foi qui affrontent des m\u00e9andres administratifs&#8221; rendant difficile toute r\u00e9gularisation.<\/p>\n<p>Les arrestations ont d\u00e9but\u00e9 il y a deux semaines et concern\u00e9 jusqu&#8217;\u00e0 400 personnes, pour la plupart lib\u00e9r\u00e9es depuis, selon des ONG et t\u00e9moignages.<\/p>\n<p>&#8220;On ne r\u00e8gle pas une situation aussi complexe avec un discours et des arrestations \u00e0 tout va&#8221;, plaide l&#8217;avocat franco-tunisien.<\/p>\n<p>Jean Bedel Gnabli, vice-pr\u00e9sident du Comit\u00e9 des leaders subsahariens, fait \u00e9tat d&#8217;une &#8220;psychose au sein de la communaut\u00e9&#8221; qui inclut aussi des S\u00e9n\u00e9galais, Guin\u00e9ens, Congolais ou Comoriens, qui &#8220;se sont sentis livr\u00e9s \u00e0 la vindicte populaire&#8221;.<\/p>\n<p>Illustration d&#8217;un climat de panique: l&#8217;association des \u00e9tudiants subsahariens AESAT leur recommande depuis mercredi &#8220;de ne plus sortir m\u00eame pour aller en cours jusqu&#8217;\u00e0 ce que les autorit\u00e9s assurent notre protection effective face \u00e0 ces d\u00e9rapages et agressions&#8221;.<\/p>\n<p>M. Gnabli, qui repr\u00e9sente aussi les Ivoiriens de Tunisie, est convaincu que face \u00e0 l&#8217;afflux d&#8217;inscriptions \u00e0 l&#8217;ambassade, Abidjan organisera des vols de rapatriement pour ramener ceux qui le souhaitent.<\/p>\n<p>En attendant, il lance un appel aux autorit\u00e9s tunisiennes pour &#8220;assurer leur s\u00e9curit\u00e9&#8221; et \u00e0 la population pour &#8220;les traiter dignement&#8221; et ne pas les jeter \u00e0 la rue quand ils ne peuvent pas payer leur loyer.<\/p>\n<p>A 20 km au nord de Tunis, dans le quartier de Bhar Lazreg, les salons de coiffure et restaurants africains informels cr\u00e9\u00e9s ces derni\u00e8res ann\u00e9es ont baiss\u00e9 les rideaux d\u00e9finitivement, des fa\u00e7ades color\u00e9es ont disparu sous une peinture blanche. Aucune trace non plus de la garderie o\u00f9 des b\u00e9n\u00e9voles s&#8217;occupaient depuis cinq ans d&#8217;une soixantaine d&#8217;enfants.<\/p>\n<p>AFP via La Croix et Cridem<\/p>\n","protected":false},"excerpt":{"rendered":"<p>&#8220;Nous voulons rentrer au pays&#8221;: Constant est venu t\u00f4t vendredi \u00e0 l&#8217;ambassade de C\u00f4te d&#8217;Ivoire en Tunisie pour se faire rapatrier, apr\u00e8s une vague d&#8217;arrestations et des propos tr\u00e8s durs du pr\u00e9sident Kais Saied \u00e0 l&#8217;encontre des migrants subsahariens. Pendant deux heures, un ballet incessant de taxis d\u00e9pose des dizaines de personnes venues dans l&#8217;espoir &hellip;<\/p>\n","protected":false},"author":2,"featured_media":4397,"comment_status":"open","ping_status":"open","sticky":false,"template":"","format":"standard","meta":{"footnotes":""},"categories":[18,29],"tags":[],"class_list":["post-4396","post","type-post","status-publish","format-standard","has-post-thumbnail","hentry","category-actualites","category-monde"],"_links":{"self":[{"href":"https:\/\/ladepeche.mr\/index.php?rest_route=\/wp\/v2\/posts\/4396","targetHints":{"allow":["GET"]}}],"collection":[{"href":"https:\/\/ladepeche.mr\/index.php?rest_route=\/wp\/v2\/posts"}],"about":[{"href":"https:\/\/ladepeche.mr\/index.php?rest_route=\/wp\/v2\/types\/post"}],"author":[{"embeddable":true,"href":"https:\/\/ladepeche.mr\/index.php?rest_route=\/wp\/v2\/users\/2"}],"replies":[{"embeddable":true,"href":"https:\/\/ladepeche.mr\/index.php?rest_route=%2Fwp%2Fv2%2Fcomments&post=4396"}],"version-history":[{"count":1,"href":"https:\/\/ladepeche.mr\/index.php?rest_route=\/wp\/v2\/posts\/4396\/revisions"}],"predecessor-version":[{"id":4398,"href":"https:\/\/ladepeche.mr\/index.php?rest_route=\/wp\/v2\/posts\/4396\/revisions\/4398"}],"wp:featuredmedia":[{"embeddable":true,"href":"https:\/\/ladepeche.mr\/index.php?rest_route=\/wp\/v2\/media\/4397"}],"wp:attachment":[{"href":"https:\/\/ladepeche.mr\/index.php?rest_route=%2Fwp%2Fv2%2Fmedia&parent=4396"}],"wp:term":[{"taxonomy":"category","embeddable":true,"href":"https:\/\/ladepeche.mr\/index.php?rest_route=%2Fwp%2Fv2%2Fcategories&post=4396"},{"taxonomy":"post_tag","embeddable":true,"href":"https:\/\/ladepeche.mr\/index.php?rest_route=%2Fwp%2Fv2%2Ftags&post=4396"}],"curies":[{"name":"wp","href":"https:\/\/api.w.org\/{rel}","templated":true}]}}