{"id":4400,"date":"2023-02-25T14:29:44","date_gmt":"2023-02-25T14:29:44","guid":{"rendered":"https:\/\/ladepeche.mr\/?p=4400"},"modified":"2023-02-25T14:29:44","modified_gmt":"2023-02-25T14:29:44","slug":"festival-international-soninke-nouakchott-carrefour-culturel-de-lafrique-de-louest","status":"publish","type":"post","link":"https:\/\/ladepeche.mr\/?p=4400","title":{"rendered":"Festival international Sonink\u00e9: Nouakchott carrefour culturel de l\u2019Afrique de l\u2019Ouest"},"content":{"rendered":"<p>La premi\u00e8re soir\u00e9e, haute en couleurs, a \u00e9t\u00e9 marqu\u00e9e par le d\u00e9fil\u00e9 de toutes les d\u00e9l\u00e9gations, exprimant la sp\u00e9cificit\u00e9 et le charme de chaque contr\u00e9e de l\u2019ancien royaume du Ghana-Wagadou, qui a essaim\u00e9 dans toute l\u2019Afrique de l\u2019Ouest.<\/p>\n<p>Aly Boubou Gandega, pr\u00e9sident de l\u2019Association pour la promotion de la culture et de la langue Sonink\u00e9 en Mauritanie, a exprim\u00e9 l\u2019immense joie de son organisation, de la communaut\u00e9 sonink\u00e9 du pays et de toute la Mauritanie, d\u2019accueillir un \u00e9v\u00e9nement capital pour la promotion de la culture, de l\u2019art et tous les aspects de la vie d\u2019un des peuples embl\u00e9matiques d\u2019Afrique de l\u2019Ouest, qui se retrouve dans plusieurs Etats.<br \/>\nQuant au pr\u00e9sident Mohamed Cheikh El Ghazouani, il a exprim\u00e9 sa haute appr\u00e9ciation de l\u2019action des organisateurs du festival et met en avant l\u2019importance de la culture, dans le processus de d\u00e9veloppement \u00e9conomique, social et politique des peuples et des \u00e9tats.<br \/>\nPar Amadou Seck (Nouakchott, correspondance)<\/p>\n","protected":false},"excerpt":{"rendered":"<p>La premi\u00e8re soir\u00e9e, haute en couleurs, a \u00e9t\u00e9 marqu\u00e9e par le d\u00e9fil\u00e9 de toutes les d\u00e9l\u00e9gations, exprimant la sp\u00e9cificit\u00e9 et le charme de chaque contr\u00e9e de l\u2019ancien royaume du Ghana-Wagadou, qui a essaim\u00e9 dans toute l\u2019Afrique de l\u2019Ouest. Aly Boubou Gandega, pr\u00e9sident de l\u2019Association pour la promotion de la culture et de la langue Sonink\u00e9 &hellip;<\/p>\n","protected":false},"author":2,"featured_media":4401,"comment_status":"open","ping_status":"open","sticky":false,"template":"","format":"standard","meta":{"footnotes":""},"categories":[18,15],"tags":[],"class_list":["post-4400","post","type-post","status-publish","format-standard","has-post-thumbnail","hentry","category-actualites","category-culture"],"_links":{"self":[{"href":"https:\/\/ladepeche.mr\/index.php?rest_route=\/wp\/v2\/posts\/4400","targetHints":{"allow":["GET"]}}],"collection":[{"href":"https:\/\/ladepeche.mr\/index.php?rest_route=\/wp\/v2\/posts"}],"about":[{"href":"https:\/\/ladepeche.mr\/index.php?rest_route=\/wp\/v2\/types\/post"}],"author":[{"embeddable":true,"href":"https:\/\/ladepeche.mr\/index.php?rest_route=\/wp\/v2\/users\/2"}],"replies":[{"embeddable":true,"href":"https:\/\/ladepeche.mr\/index.php?rest_route=%2Fwp%2Fv2%2Fcomments&post=4400"}],"version-history":[{"count":1,"href":"https:\/\/ladepeche.mr\/index.php?rest_route=\/wp\/v2\/posts\/4400\/revisions"}],"predecessor-version":[{"id":4402,"href":"https:\/\/ladepeche.mr\/index.php?rest_route=\/wp\/v2\/posts\/4400\/revisions\/4402"}],"wp:featuredmedia":[{"embeddable":true,"href":"https:\/\/ladepeche.mr\/index.php?rest_route=\/wp\/v2\/media\/4401"}],"wp:attachment":[{"href":"https:\/\/ladepeche.mr\/index.php?rest_route=%2Fwp%2Fv2%2Fmedia&parent=4400"}],"wp:term":[{"taxonomy":"category","embeddable":true,"href":"https:\/\/ladepeche.mr\/index.php?rest_route=%2Fwp%2Fv2%2Fcategories&post=4400"},{"taxonomy":"post_tag","embeddable":true,"href":"https:\/\/ladepeche.mr\/index.php?rest_route=%2Fwp%2Fv2%2Ftags&post=4400"}],"curies":[{"name":"wp","href":"https:\/\/api.w.org\/{rel}","templated":true}]}}