{"id":4403,"date":"2023-02-25T14:44:36","date_gmt":"2023-02-25T14:44:36","guid":{"rendered":"https:\/\/ladepeche.mr\/?p=4403"},"modified":"2023-02-25T14:44:36","modified_gmt":"2023-02-25T14:44:36","slug":"electricite-le-monde-rural-toujours-dans-lobscurite","status":"publish","type":"post","link":"https:\/\/ladepeche.mr\/?p=4403","title":{"rendered":"Electricit\u00e9: le monde rural toujours dans l&#8217;obscurit\u00e9"},"content":{"rendered":"<p>L\u2019acc\u00e8s \u00e0 l\u2019\u00e9lectricit\u00e9 dans notre pays, selon les statistiques de 2020, reste marginal pour l\u2019ensemble de la population de notre pays o\u00f9 seuls 47% y ont droit, dans les conditions que l\u2019on connait tous. Mais la situation est encore pire pour le monde rural o\u00f9 cet acc\u00e8s n\u2019est gu\u00e8re plus de 5%. Une r\u00e9alit\u00e9 qui tranchement nettement avec les vell\u00e9it\u00e9s du gouvernement de d\u00e9concentrer le d\u00e9veloppement pour diversifier la production nationale et malgr\u00e9 les d\u00e9l\u00e9gations consenties pour l&#8217;\u00e9lectrification. <\/p>\n","protected":false},"excerpt":{"rendered":"<p>L\u2019acc\u00e8s \u00e0 l\u2019\u00e9lectricit\u00e9 dans notre pays, selon les statistiques de 2020, reste marginal pour l\u2019ensemble de la population de notre pays o\u00f9 seuls 47% y ont droit, dans les conditions que l\u2019on connait tous. Mais la situation est encore pire pour le monde rural o\u00f9 cet acc\u00e8s n\u2019est gu\u00e8re plus de 5%. Une r\u00e9alit\u00e9 qui &hellip;<\/p>\n","protected":false},"author":2,"featured_media":4404,"comment_status":"open","ping_status":"open","sticky":false,"template":"","format":"standard","meta":{"footnotes":""},"categories":[2,26],"tags":[],"class_list":["post-4403","post","type-post","status-publish","format-standard","has-post-thumbnail","hentry","category-economie","category-en-panne"],"_links":{"self":[{"href":"https:\/\/ladepeche.mr\/index.php?rest_route=\/wp\/v2\/posts\/4403","targetHints":{"allow":["GET"]}}],"collection":[{"href":"https:\/\/ladepeche.mr\/index.php?rest_route=\/wp\/v2\/posts"}],"about":[{"href":"https:\/\/ladepeche.mr\/index.php?rest_route=\/wp\/v2\/types\/post"}],"author":[{"embeddable":true,"href":"https:\/\/ladepeche.mr\/index.php?rest_route=\/wp\/v2\/users\/2"}],"replies":[{"embeddable":true,"href":"https:\/\/ladepeche.mr\/index.php?rest_route=%2Fwp%2Fv2%2Fcomments&post=4403"}],"version-history":[{"count":1,"href":"https:\/\/ladepeche.mr\/index.php?rest_route=\/wp\/v2\/posts\/4403\/revisions"}],"predecessor-version":[{"id":4405,"href":"https:\/\/ladepeche.mr\/index.php?rest_route=\/wp\/v2\/posts\/4403\/revisions\/4405"}],"wp:featuredmedia":[{"embeddable":true,"href":"https:\/\/ladepeche.mr\/index.php?rest_route=\/wp\/v2\/media\/4404"}],"wp:attachment":[{"href":"https:\/\/ladepeche.mr\/index.php?rest_route=%2Fwp%2Fv2%2Fmedia&parent=4403"}],"wp:term":[{"taxonomy":"category","embeddable":true,"href":"https:\/\/ladepeche.mr\/index.php?rest_route=%2Fwp%2Fv2%2Fcategories&post=4403"},{"taxonomy":"post_tag","embeddable":true,"href":"https:\/\/ladepeche.mr\/index.php?rest_route=%2Fwp%2Fv2%2Ftags&post=4403"}],"curies":[{"name":"wp","href":"https:\/\/api.w.org\/{rel}","templated":true}]}}