{"id":4406,"date":"2023-02-25T18:24:22","date_gmt":"2023-02-25T18:24:22","guid":{"rendered":"https:\/\/ladepeche.mr\/?p=4406"},"modified":"2023-02-25T18:24:22","modified_gmt":"2023-02-25T18:24:22","slug":"migrants-lua-condamne-la-sortie-du-president-tunisien","status":"publish","type":"post","link":"https:\/\/ladepeche.mr\/?p=4406","title":{"rendered":"Migrants : l\u2019UA condamne la sortie du pr\u00e9sident tunisien"},"content":{"rendered":"<p>L\u2019Union africaine a condamn\u00e9 sans \u00e9quivoque la sortie du pr\u00e9sident tunisien, Ka\u00efs Saed, sur les migrants originaires d\u2019Afrique subsaharienne. Par la voix de Moussa Faki Mahamat, Pr\u00e9sident de la Commission de l\u2019Union africaine, l\u2019UA a appel\u00e9 ses \u00c9tats membres \u00e0 \u00ab s\u2019abstenir de tout discours haineux \u00e0 caract\u00e8re raciste, susceptible de nuire aux personnes \u00bb.<\/p>\n<p>Le pr\u00e9sident Kais Saied avait pr\u00f4n\u00e9 mardi des \u00ab mesures urgentes \u00bb contre l\u2019immigration clandestine de ressortissants de pays d\u2019Afrique subsaharienne, affirmant que leur pr\u00e9sence en Tunisie \u00e9tait source de \u00ab violence, de crimes et d\u2019actes inacceptables \u00bb, des propos d\u00e9nonc\u00e9s par des ONG.<br \/>\nLors d\u2019une r\u00e9union, il a aussi tenu des propos tr\u00e8s durs sur l\u2019arriv\u00e9e de \u00ab hordes de migrants clandestins \u00bb et insist\u00e9 sur \u00ab la n\u00e9cessit\u00e9 de mettre rapidement fin \u00bb \u00e0 cette immigration.<\/p>\n<p>Dans un communiqu\u00e9 vendredi, le Pr\u00e9sident de la Commission de l\u2019Union africaine, Moussa Faki Mahamat, \u00ab condamne fermement les d\u00e9clarations choquantes faites par les autorit\u00e9s tunisiennes contre des compatriotes africains, qui vont \u00e0 l\u2019encontre de la lettre et de l\u2019esprit de notre Organisation et de nos principes fondateurs \u00bb.<\/p>\n<p>Il \u00ab rappelle \u00e0 tous les pays, en particulier aux \u00c9tats membres de l\u2019Union africaine, qu\u2019ils doivent honorer les obligations qui leur incombent en vertu du droit international (\u2026), \u00e0 savoir traiter tous les migrants avec dignit\u00e9, d\u2019o\u00f9 qu\u2019ils viennent, s\u2019abstenir de tout discours haineux \u00e0 caract\u00e8re raciste, susceptible de nuire aux personnes, et accorder la priorit\u00e9 \u00e0 leur s\u00e9curit\u00e9 et \u00e0 leurs droits fondamentaux \u00bb.<br \/>\nMoussa Faki Mahamat r\u00e9it\u00e8re \u00ab l\u2019engagement de la Commission \u00e0 soutenir les autorit\u00e9s tunisiennes en vue de la r\u00e9solution des probl\u00e8mes de migration afin de rendre la migration s\u00fbre, digne et r\u00e9guli\u00e8re \u00bb.<\/p>\n<p>Dans un autre communiqu\u00e9 vendredi, l\u2019Ambassade du Mali en Tunisie a dit suivre \u00ab avec la plus grande pr\u00e9occupation la situation des Maliens \u00bb dans le pays. \u00c9voquant \u00ab des moments tr\u00e8s inqui\u00e9tants \u00bb, elle a invit\u00e9 ses ressortissants \u00ab au calme et \u00e0 la vigilance \u00bb et demand\u00e9 \u00ab pour ceux qui le souhaitent \u00e0 s\u2019inscrire pour un retour volontaire \u00bb.<\/p>\n<p>Le discours de M. Saied, qui concentre tous les pouvoirs apr\u00e8s avoir suspendu en juillet 2021 le Parlement et limog\u00e9 le gouvernement, est survenu alors que le pays traverse une grave crise \u00e9conomique marqu\u00e9e par des p\u00e9nuries r\u00e9currentes de produits de base, sur fond de tensions politiques.<\/p>\n<p>Selon des chiffres officiels cit\u00e9s par le Forum tunisien pour les droits \u00e9conomiques et sociaux (FTDES), la Tunisie, un pays de quelque 12 millions d\u2019habitants, compte plus de 21.000 ressortissants de pays d\u2019Afrique subsaharienne, en majorit\u00e9 en situation irr\u00e9guli\u00e8re.<\/p>\n<blockquote class=\"wp-embedded-content\" data-secret=\"PngLNxcaOT\"><p><a href=\"https:\/\/afrimag.net\/migrants-lua-condamne-la-sortie-du-president-tunisien\/\">Migrants : l&rsquo;UA condamne la sortie du pr\u00e9sident tunisien<\/a><\/p><\/blockquote>\n<p><iframe loading=\"lazy\" class=\"wp-embedded-content\" sandbox=\"allow-scripts\" security=\"restricted\" style=\"position: absolute; clip: rect(1px, 1px, 1px, 1px);\" title=\"\u00ab\u00a0Migrants : l&rsquo;UA condamne la sortie du pr\u00e9sident tunisien\u00a0\u00bb &#8212; Afrimag\" src=\"https:\/\/afrimag.net\/migrants-lua-condamne-la-sortie-du-president-tunisien\/embed\/#?secret=eKHGcJIf9S#?secret=PngLNxcaOT\" data-secret=\"PngLNxcaOT\" width=\"500\" height=\"282\" frameborder=\"0\" marginwidth=\"0\" marginheight=\"0\" scrolling=\"no\"><\/iframe><br \/>\nAvec AFP<\/p>\n","protected":false},"excerpt":{"rendered":"<p>L\u2019Union africaine a condamn\u00e9 sans \u00e9quivoque la sortie du pr\u00e9sident tunisien, Ka\u00efs Saed, sur les migrants originaires d\u2019Afrique subsaharienne. Par la voix de Moussa Faki Mahamat, Pr\u00e9sident de la Commission de l\u2019Union africaine, l\u2019UA a appel\u00e9 ses \u00c9tats membres \u00e0 \u00ab s\u2019abstenir de tout discours haineux \u00e0 caract\u00e8re raciste, susceptible de nuire aux personnes \u00bb. &hellip;<\/p>\n","protected":false},"author":2,"featured_media":4407,"comment_status":"open","ping_status":"open","sticky":false,"template":"","format":"standard","meta":{"footnotes":""},"categories":[18,29],"tags":[],"class_list":["post-4406","post","type-post","status-publish","format-standard","has-post-thumbnail","hentry","category-actualites","category-monde"],"_links":{"self":[{"href":"https:\/\/ladepeche.mr\/index.php?rest_route=\/wp\/v2\/posts\/4406","targetHints":{"allow":["GET"]}}],"collection":[{"href":"https:\/\/ladepeche.mr\/index.php?rest_route=\/wp\/v2\/posts"}],"about":[{"href":"https:\/\/ladepeche.mr\/index.php?rest_route=\/wp\/v2\/types\/post"}],"author":[{"embeddable":true,"href":"https:\/\/ladepeche.mr\/index.php?rest_route=\/wp\/v2\/users\/2"}],"replies":[{"embeddable":true,"href":"https:\/\/ladepeche.mr\/index.php?rest_route=%2Fwp%2Fv2%2Fcomments&post=4406"}],"version-history":[{"count":1,"href":"https:\/\/ladepeche.mr\/index.php?rest_route=\/wp\/v2\/posts\/4406\/revisions"}],"predecessor-version":[{"id":4408,"href":"https:\/\/ladepeche.mr\/index.php?rest_route=\/wp\/v2\/posts\/4406\/revisions\/4408"}],"wp:featuredmedia":[{"embeddable":true,"href":"https:\/\/ladepeche.mr\/index.php?rest_route=\/wp\/v2\/media\/4407"}],"wp:attachment":[{"href":"https:\/\/ladepeche.mr\/index.php?rest_route=%2Fwp%2Fv2%2Fmedia&parent=4406"}],"wp:term":[{"taxonomy":"category","embeddable":true,"href":"https:\/\/ladepeche.mr\/index.php?rest_route=%2Fwp%2Fv2%2Fcategories&post=4406"},{"taxonomy":"post_tag","embeddable":true,"href":"https:\/\/ladepeche.mr\/index.php?rest_route=%2Fwp%2Fv2%2Ftags&post=4406"}],"curies":[{"name":"wp","href":"https:\/\/api.w.org\/{rel}","templated":true}]}}