{"id":4409,"date":"2023-02-25T20:08:52","date_gmt":"2023-02-25T20:08:52","guid":{"rendered":"https:\/\/ladepeche.mr\/?p=4409"},"modified":"2023-02-25T20:10:22","modified_gmt":"2023-02-25T20:10:22","slug":"la-commission-africaine-des-droits-de-lhomme-et-des-peuples-preoccupee-par-la-situation-en-algerie","status":"publish","type":"post","link":"https:\/\/ladepeche.mr\/?p=4409","title":{"rendered":"La Commission Africaine des Droits de l\u2019Homme et des Peuples pr\u00e9occup\u00e9e par la situation des d\u00e9fenseurs des droits de l&#8217;Homme en Alg\u00e9rie"},"content":{"rendered":"<p>La Commission Africaine des Droits de l\u2019Homme et des Peuples \u00e0 travers son Rapporteur Sp\u00e9cial sur les d\u00e9fenseurs des Droits de l\u2019homme et Point Focal sur les Repr\u00e9sailles en Afrique suit avec une attention particuli\u00e8re la situation des droits de l\u2019homme en Afrique, notamment en Alg\u00e9rie apr\u00e8s la dissolution de l\u2019Association Rassemblement Actions Jeunesse (RAJ).<\/p>\n<p>Dans un communiqu\u00e9 rendu public vendredi, \u2018\u2019la Commission Africaine est profond\u00e9ment pr\u00e9occup\u00e9e par la d\u00e9t\u00e9rioration de la situation des d\u00e9fenseurs des droits de l\u2019homme en Afrique du Nord, particuli\u00e8rement en Alg\u00e9rie\u2019\u2019.<\/p>\n<p>Dans ce cadre, le communiqu\u00e9 pr\u00e9cise que la Commission a \u2018\u2019appris avec regret la dissolution, en date du 23 f\u00e9vrier 2023, par les autorit\u00e9s judiciaires alg\u00e9riennes, de l\u2019Association d\u00e9nomm\u00e9e Rassemblement Actions Jeunesse (RAJ), cr\u00e9\u00e9e depuis 1992\u2019\u2019. Il lui est reproch\u00e9e \u2018\u2019d\u2019agir en contradiction avec la loi sur les associations, elle-m\u00eame contest\u00e9e par plusieurs Organisations de la Soci\u00e9t\u00e9 Civile alg\u00e9rienne\u2019\u2019.<\/p>\n<p>Et de poursuivre que la Commission Africaine \u2018\u2019d\u00e9plore une telle mesure \u00a0et souhaite rappeler aux autorit\u00e9s alg\u00e9riennes que pareille d\u00e9cision pour judiciaire qu\u2019elle soit, n\u2019en demeure pas moins contradictoire avec les obligations d\u00e9coulant des articles 10 et 11 sur la libert\u00e9 d\u2019association et de r\u00e9union prot\u00e9g\u00e9es par la Charte Africaine des Droits de l\u2019Homme et des Peuples (la Charte Africaine); ainsi que d\u2019autres instruments internationaux et r\u00e9gionaux relatifs aux droits de l\u2019homme auxquels l\u2019Alg\u00e9rie est partie\u2019\u2019. Elle est \u00e9galement \u2018\u2019contraire aux Lignes Directrices sur la libert\u00e9 d\u2019association et de r\u00e9union en Afrique\u2019\u2019.<\/p>\n<p>Pour la Commission en question, \u2018\u2019cette d\u00e9cision inadmissible constitue un acte d\u2019intimidation et de tentative de r\u00e9duction au silence des d\u00e9fenseurs des droits de l\u2019homme et contribue sans conteste \u00e0 la r\u00e9duction de l\u2019espace civique dans ce pays\u2019\u2019. <\/p>\n<p>Enfin, la Commission Africaine conclut ce communiqu\u00e9 par une invitation adress\u00e9e aux \u2018\u2019autorit\u00e9s alg\u00e9riennes en vue d\u2019examiner souverainement les voies et moyens de son annulation\u2019\u2019.<\/p>\n<p>(avec m\u00e9dias)<\/p>\n","protected":false},"excerpt":{"rendered":"<p>La Commission Africaine des Droits de l\u2019Homme et des Peuples \u00e0 travers son Rapporteur Sp\u00e9cial sur les d\u00e9fenseurs des Droits de l\u2019homme et Point Focal sur les Repr\u00e9sailles en Afrique suit avec une attention particuli\u00e8re la situation des droits de l\u2019homme en Afrique, notamment en Alg\u00e9rie apr\u00e8s la dissolution de l\u2019Association Rassemblement Actions Jeunesse (RAJ). &hellip;<\/p>\n","protected":false},"author":2,"featured_media":4411,"comment_status":"open","ping_status":"open","sticky":false,"template":"","format":"standard","meta":{"footnotes":""},"categories":[18,29],"tags":[],"class_list":["post-4409","post","type-post","status-publish","format-standard","has-post-thumbnail","hentry","category-actualites","category-monde"],"_links":{"self":[{"href":"https:\/\/ladepeche.mr\/index.php?rest_route=\/wp\/v2\/posts\/4409","targetHints":{"allow":["GET"]}}],"collection":[{"href":"https:\/\/ladepeche.mr\/index.php?rest_route=\/wp\/v2\/posts"}],"about":[{"href":"https:\/\/ladepeche.mr\/index.php?rest_route=\/wp\/v2\/types\/post"}],"author":[{"embeddable":true,"href":"https:\/\/ladepeche.mr\/index.php?rest_route=\/wp\/v2\/users\/2"}],"replies":[{"embeddable":true,"href":"https:\/\/ladepeche.mr\/index.php?rest_route=%2Fwp%2Fv2%2Fcomments&post=4409"}],"version-history":[{"count":4,"href":"https:\/\/ladepeche.mr\/index.php?rest_route=\/wp\/v2\/posts\/4409\/revisions"}],"predecessor-version":[{"id":4414,"href":"https:\/\/ladepeche.mr\/index.php?rest_route=\/wp\/v2\/posts\/4409\/revisions\/4414"}],"wp:featuredmedia":[{"embeddable":true,"href":"https:\/\/ladepeche.mr\/index.php?rest_route=\/wp\/v2\/media\/4411"}],"wp:attachment":[{"href":"https:\/\/ladepeche.mr\/index.php?rest_route=%2Fwp%2Fv2%2Fmedia&parent=4409"}],"wp:term":[{"taxonomy":"category","embeddable":true,"href":"https:\/\/ladepeche.mr\/index.php?rest_route=%2Fwp%2Fv2%2Fcategories&post=4409"},{"taxonomy":"post_tag","embeddable":true,"href":"https:\/\/ladepeche.mr\/index.php?rest_route=%2Fwp%2Fv2%2Ftags&post=4409"}],"curies":[{"name":"wp","href":"https:\/\/api.w.org\/{rel}","templated":true}]}}