{"id":4415,"date":"2023-02-25T20:23:30","date_gmt":"2023-02-25T20:23:30","guid":{"rendered":"https:\/\/ladepeche.mr\/?p=4415"},"modified":"2023-02-25T20:23:30","modified_gmt":"2023-02-25T20:23:30","slug":"le-president-de-la-republique-supervise-le-demarrage-de-la-1ere-phase-du-projet-de-transport-urbain-a-nouakchott","status":"publish","type":"post","link":"https:\/\/ladepeche.mr\/?p=4415","title":{"rendered":"Le Pr\u00e9sident de la R\u00e9publique supervise le d\u00e9marrage de la 1\u00e8re phase du projet de transport urbain \u00e0 Nouakchott"},"content":{"rendered":"<p>Le pr\u00e9sident de la R\u00e9publique, Son Excellence Monsieur Mohamed Ould Cheikh El Ghazouani a supervis\u00e9 vendredi \u00e0 Nouakchott la c\u00e9r\u00e9monie de d\u00e9marrage de la 1\u00e8re phase du projet de transport urbain \u00e0 Nouakchott \u00e0 l\u2019horizon 2026.<\/p>\n<p>Le projet, ex\u00e9cut\u00e9 par le minist\u00e8re de l\u2019\u00c9quipement et des Transports pour une enveloppe financi\u00e8re de 4 milliards d\u2019ouguiya MRU concerne 150 bus dont 50 seront mis en circulation, permettra \u00e0 la soci\u00e9t\u00e9 de transport public de Nouakchott (STPN) de transporter 150.000 passagers par jour.<\/p>\n<p>Il sera accompagn\u00e9 de plusieurs mesures suppl\u00e9mentaires pour lib\u00e9rer l\u2019espace public, la mise en \u0153uvre d\u2019une strat\u00e9gie r\u00e9organisant les aires de stationnement \u00e0 travers la pr\u00e9paration d\u2019une strat\u00e9gie de stationnement, l\u2019organisation du transport des marchandises au le centre-ville et la cr\u00e9ation d\u2019un espace permanent pour accueillir 5000 voitures en particulier les \u201cbourses\u201d.<\/p>\n<p>le projet , qui sera r\u00e9alis\u00e9 au bout de trois ans, fournira un syst\u00e8me de transport par bus commode offrant des services plus efficaces en terme de continuit\u00e9, de fr\u00e9quence, de confort et de s\u00e9curit\u00e9 sur des itin\u00e9raires de 51 km reliant les quartiers des moughataas de Nouakchott.<\/p>\n<p>Dans le discours qu\u2019il a prononc\u00e9 \u00e0 cette occasion, le ministre de l\u2019\u00c9quipement et des Transports, Porte-parole du Gouvernement, M. Nani Ould Chrouga a pr\u00e9cis\u00e9 que ce projet est l\u2019un des plus importantes r\u00e9alisations ex\u00e9cut\u00e9es dans le cadre des engagements du Pr\u00e9sident de la R\u00e9publique visant \u00e0 faire de Nouakchott une ville moderne.<\/p>\n<p>Il a ajout\u00e9 que les \u00e9tudes effectu\u00e9es sur les d\u00e9placements dans la capitale, qui connait une forte croissance d\u00e9mographique et des difficult\u00e9s de transport des marchandises, ont insist\u00e9 sur la n\u00e9cessit\u00e9 de trouver un moyen efficace permettant d\u2019assurer la p\u00e9rennit\u00e9 du transport.<\/p>\n<p>De son c\u00f4t\u00e9, la pr\u00e9sidente du conseil r\u00e9gional de Nouakchott, Mme Fatimetou Mint Abdel Malek a indiqu\u00e9 que la r\u00e9gion et la STPN vont ouvrir deux lignes de transport urbain dont la premi\u00e8re reliera Dar Naim \u00e0 Toujounine et la seconde Toujounine \u00e0 Riyad afin de r\u00e9soudre le probl\u00e8me d\u2019isolement des quartiers situ\u00e9s \u00e0 la p\u00e9riph\u00e9rie de la capitale.<\/p>\n<p>Elle a remerci\u00e9 le minist\u00e8re de l\u2019\u00c9quipement et des Transports pour sa coordination avec la r\u00e9gion de Nouakchott et l\u2019implication de celle-ci dans l\u2019identification des priorit\u00e9s des citoyens dans le domaine du transport public urbain.<\/p>\n<p>Le maire de la commune de Dar Naim, M. Momma Ould El Ghoteb Ould Momma a salu\u00e9 les grandes r\u00e9alisations accomplies ces derniers temps dans le pays et qui ont permis au citoyen de profiter des diff\u00e9rents services de base.<\/p>\n<p>La c\u00e9r\u00e9monie s\u2019est d\u00e9roul\u00e9e en pr\u00e9sence du Premier ministre, M. Mohamed Ould Bilal Messoud, du chef de file de l\u2019opposition d\u00e9mocratique, du ministre secr\u00e9taire g\u00e9n\u00e9ral de la Pr\u00e9sidence de la R\u00e9publique, de la ministre conseill\u00e8re \u00e0 la Pr\u00e9sidence de la R\u00e9publique, des membres du gouvernement, du directeur de cabinet du Pr\u00e9sident de la R\u00e9publique, des trois walis de Nouakchott, des chefs d\u2019\u00e9tat-major des forces arm\u00e9es et de s\u00e9curit\u00e9s, des membres du corps diplomatique et des repr\u00e9sentants des institutions internationales.<br \/>\nAmi<\/p>\n","protected":false},"excerpt":{"rendered":"<p>Le pr\u00e9sident de la R\u00e9publique, Son Excellence Monsieur Mohamed Ould Cheikh El Ghazouani a supervis\u00e9 vendredi \u00e0 Nouakchott la c\u00e9r\u00e9monie de d\u00e9marrage de la 1\u00e8re phase du projet de transport urbain \u00e0 Nouakchott \u00e0 l\u2019horizon 2026. Le projet, ex\u00e9cut\u00e9 par le minist\u00e8re de l\u2019\u00c9quipement et des Transports pour une enveloppe financi\u00e8re de 4 milliards d\u2019ouguiya &hellip;<\/p>\n","protected":false},"author":2,"featured_media":4416,"comment_status":"open","ping_status":"open","sticky":false,"template":"","format":"standard","meta":{"footnotes":""},"categories":[18,2],"tags":[],"class_list":["post-4415","post","type-post","status-publish","format-standard","has-post-thumbnail","hentry","category-actualites","category-economie"],"_links":{"self":[{"href":"https:\/\/ladepeche.mr\/index.php?rest_route=\/wp\/v2\/posts\/4415","targetHints":{"allow":["GET"]}}],"collection":[{"href":"https:\/\/ladepeche.mr\/index.php?rest_route=\/wp\/v2\/posts"}],"about":[{"href":"https:\/\/ladepeche.mr\/index.php?rest_route=\/wp\/v2\/types\/post"}],"author":[{"embeddable":true,"href":"https:\/\/ladepeche.mr\/index.php?rest_route=\/wp\/v2\/users\/2"}],"replies":[{"embeddable":true,"href":"https:\/\/ladepeche.mr\/index.php?rest_route=%2Fwp%2Fv2%2Fcomments&post=4415"}],"version-history":[{"count":1,"href":"https:\/\/ladepeche.mr\/index.php?rest_route=\/wp\/v2\/posts\/4415\/revisions"}],"predecessor-version":[{"id":4417,"href":"https:\/\/ladepeche.mr\/index.php?rest_route=\/wp\/v2\/posts\/4415\/revisions\/4417"}],"wp:featuredmedia":[{"embeddable":true,"href":"https:\/\/ladepeche.mr\/index.php?rest_route=\/wp\/v2\/media\/4416"}],"wp:attachment":[{"href":"https:\/\/ladepeche.mr\/index.php?rest_route=%2Fwp%2Fv2%2Fmedia&parent=4415"}],"wp:term":[{"taxonomy":"category","embeddable":true,"href":"https:\/\/ladepeche.mr\/index.php?rest_route=%2Fwp%2Fv2%2Fcategories&post=4415"},{"taxonomy":"post_tag","embeddable":true,"href":"https:\/\/ladepeche.mr\/index.php?rest_route=%2Fwp%2Fv2%2Ftags&post=4415"}],"curies":[{"name":"wp","href":"https:\/\/api.w.org\/{rel}","templated":true}]}}