{"id":4419,"date":"2023-02-26T16:01:44","date_gmt":"2023-02-26T16:01:44","guid":{"rendered":"https:\/\/ladepeche.mr\/?p=4419"},"modified":"2023-02-26T16:01:44","modified_gmt":"2023-02-26T16:01:44","slug":"tunisie-malgre-une-manifestation-de-soutien-aux-migrants-la-situation-est-tendue-pour-les-subsahariens","status":"publish","type":"post","link":"https:\/\/ladepeche.mr\/?p=4419","title":{"rendered":"Tunisie: malgr\u00e9 une manifestation de soutien aux migrants, la situation est tendue pour les Subsahariens"},"content":{"rendered":"<p>Des centaines de personnes ont manifest\u00e9 samedi 25 f\u00e9vrier dans les rues de Tunis \u00e0 l&#8217;appel du collectif d&#8217;associations appel\u00e9 Front anti-fasciste. Ils protestent contre les d\u00e9clarations du pr\u00e9sident Ka\u00efs Sa\u00efed. Il y a quelques jours, le chef de l&#8217;\u00c9tat a fustig\u00e9 l&#8217;immigration clandestine, particuli\u00e8rement d&#8217;Afrique subsaharienne, pr\u00f4nant des mesures \u00ab urgentes \u00bb contre ce qu&#8217;il a qualifi\u00e9 de \u00ab hordes de migrants clandestins \u00bb. Des propos qui ont provoqu\u00e9 un toll\u00e9 aussi bien dans le pays qu&#8217;\u00e0 l&#8217;international.<br \/>\nDes manifestants qui scandent \u00ab non au racisme ! \u00bb ou encore \u00ab Nous sommes tous Africains ! \u00bb ce samedi dans le centre-ville de Tunis. Des mots qui en disent long sur la situation actuelle en Tunisie apr\u00e8s le toll\u00e9 suscit\u00e9 par les propos du pr\u00e9sident Ka\u00efs Sa\u00efed sur les migrants subsahariens. <\/p>\n<p>\u00ab C\u2019est une r\u00e9action au discours du pr\u00e9sident, nous explique Alaa Talbi, directeur de l\u2019ONG le Forum des droits \u00e9conomiques et sociaux. Nous le qualifions de discours qui instaure une forme de racisme d\u2019\u00c9tat dans un pays o\u00f9 il n\u2019y a pas de lois de protection des migrants&#8230; \u00bb<br \/>\nAlors que le cort\u00e8ge anti-raciste avance vers l\u2019avenue Bourguiba, les manifestants s\u2019arr\u00eatent et crient leur solidarit\u00e9 avec des migrants subsahariens qui observent la foule depuis leur balcon, sans pouvoir participer, de peur d\u2019\u00eatre arr\u00eat\u00e9s\u2026<\/p>\n<p>\u00ab So so solidarit\u00e9 avec les migrants du monde entier ! \u00bb<\/p>\n<p>Aymen Rezgui, journaliste, est venu leur affirmer son soutien. \u00ab Les Tunisiens ne sont pas des racistes, c\u2019est un peuple accueillant. La Tunisie est la capitale de la paix et on sera toujours africains avec nos fr\u00e8res et nos s\u0153urs africaines. On partage le m\u00eame continent et \u00e0 Tunis en Tunisie, il n\u2019y aura jamais une place pour les fachos ! \u00bb<br \/>\nLire la suite sur https:\/\/www.rfi.fr\/fr\/afrique\/20230226-tunisie-malgr%C3%A9-une-manifestation-de-soutien-aux-migrants-la-situation-est-tendue-pour-les-subsahariens?_ope=eyJndWlkIjoiOTMwMjIwNGY3ZmZhNzMxODU0NDI3OTA1ZjdiOTc4NGUifQ%3D%3D<\/p>\n","protected":false},"excerpt":{"rendered":"<p>Des centaines de personnes ont manifest\u00e9 samedi 25 f\u00e9vrier dans les rues de Tunis \u00e0 l&#8217;appel du collectif d&#8217;associations appel\u00e9 Front anti-fasciste. Ils protestent contre les d\u00e9clarations du pr\u00e9sident Ka\u00efs Sa\u00efed. Il y a quelques jours, le chef de l&#8217;\u00c9tat a fustig\u00e9 l&#8217;immigration clandestine, particuli\u00e8rement d&#8217;Afrique subsaharienne, pr\u00f4nant des mesures \u00ab urgentes \u00bb contre ce &hellip;<\/p>\n","protected":false},"author":2,"featured_media":4420,"comment_status":"open","ping_status":"open","sticky":false,"template":"","format":"standard","meta":{"footnotes":""},"categories":[18,29],"tags":[],"class_list":["post-4419","post","type-post","status-publish","format-standard","has-post-thumbnail","hentry","category-actualites","category-monde"],"_links":{"self":[{"href":"https:\/\/ladepeche.mr\/index.php?rest_route=\/wp\/v2\/posts\/4419","targetHints":{"allow":["GET"]}}],"collection":[{"href":"https:\/\/ladepeche.mr\/index.php?rest_route=\/wp\/v2\/posts"}],"about":[{"href":"https:\/\/ladepeche.mr\/index.php?rest_route=\/wp\/v2\/types\/post"}],"author":[{"embeddable":true,"href":"https:\/\/ladepeche.mr\/index.php?rest_route=\/wp\/v2\/users\/2"}],"replies":[{"embeddable":true,"href":"https:\/\/ladepeche.mr\/index.php?rest_route=%2Fwp%2Fv2%2Fcomments&post=4419"}],"version-history":[{"count":1,"href":"https:\/\/ladepeche.mr\/index.php?rest_route=\/wp\/v2\/posts\/4419\/revisions"}],"predecessor-version":[{"id":4421,"href":"https:\/\/ladepeche.mr\/index.php?rest_route=\/wp\/v2\/posts\/4419\/revisions\/4421"}],"wp:featuredmedia":[{"embeddable":true,"href":"https:\/\/ladepeche.mr\/index.php?rest_route=\/wp\/v2\/media\/4420"}],"wp:attachment":[{"href":"https:\/\/ladepeche.mr\/index.php?rest_route=%2Fwp%2Fv2%2Fmedia&parent=4419"}],"wp:term":[{"taxonomy":"category","embeddable":true,"href":"https:\/\/ladepeche.mr\/index.php?rest_route=%2Fwp%2Fv2%2Fcategories&post=4419"},{"taxonomy":"post_tag","embeddable":true,"href":"https:\/\/ladepeche.mr\/index.php?rest_route=%2Fwp%2Fv2%2Ftags&post=4419"}],"curies":[{"name":"wp","href":"https:\/\/api.w.org\/{rel}","templated":true}]}}