{"id":4425,"date":"2023-02-26T17:36:52","date_gmt":"2023-02-26T17:36:52","guid":{"rendered":"https:\/\/ladepeche.mr\/?p=4425"},"modified":"2023-02-26T17:36:52","modified_gmt":"2023-02-26T17:36:52","slug":"politique-rencontre-ministere-de-linterieur-partis-politiques-sur-les-elections-legislatives-regionales-et-municipales-2023","status":"publish","type":"post","link":"https:\/\/ladepeche.mr\/?p=4425","title":{"rendered":"Politique- Rencontre minist\u00e8re de l\u2019Int\u00e9rieur \u2013 partis politiques sur les \u00e9lections l\u00e9gislatives, r\u00e9gionales et municipales 2023"},"content":{"rendered":"<p>Le minist\u00e8re de l\u2019Int\u00e9rieur et de la D\u00e9centralisation a organis\u00e9, samedi soir, \u00e0 l\u2019h\u00f4tel Mauri-Centre \u00e0 Nouakchott, une r\u00e9union de concertation avec les partis politiques, consacr\u00e9e \u00e0 la mise au point des dossiers li\u00e9s \u00e0 la rentr\u00e9e parlementaire, r\u00e9gionale 2023 et aux \u00e9lections municipales. Tous les partis ont particip\u00e9 \u00e0 cette rencontre qui s\u2019est d\u00e9roul\u00e9e sous la tutelle du secr\u00e9taire g\u00e9n\u00e9ral du minist\u00e8re de l\u2019Int\u00e9rieur et de la D\u00e9centralisation, M. Mohamed Mahfoudh Brahim Ahmed, en plus de la Commission \u00e9lectorale ind\u00e9pendante.<\/p>\n<p>Cette rencontre s\u2019inscrit dans le cadre de la s\u00e9rie de consultations lanc\u00e9es par le d\u00e9partement de l\u2019Int\u00e9rieur et de la D\u00e9centralisation aupr\u00e8s des partis politiques depuis le 05 juillet 2022, lorsque le ministre de l\u2019Int\u00e9rieur et de la D\u00e9centralisation a invit\u00e9 les chefs des partis politiques \u00e0 assister \u00e0 une r\u00e9union dans les locaux du minist\u00e8re le 12 du m\u00eame mois dans le but de participer \u00e0 une concertation organis\u00e9e entre le gouvernement mauritanien et les partis.<\/p>\n<p>La r\u00e9union en question vise \u00e0 organiser des \u00e9lections transparentes, justes et cr\u00e9dibles avec des r\u00e9sultats acceptables par toutes les parties.<\/p>\n<p>Ces concertations ont abouti dans la soir\u00e9e du 26 septembre 2022, \u00e0 la signature du document final de concertation entre le minist\u00e8re de l\u2019Int\u00e9rieur et les partis politiques sur les \u00e9lections l\u00e9gislatives, r\u00e9gionales et municipales de 2023.<\/p>\n<p>Le document final de cette consultation, qui portait le slogan : \u00ab Ensemble pour l\u2019organisation d\u2019\u00e9lections consensuelles, inclusives, transparentes, \u00e9quitables, convaincantes et cr\u00e9dibles, dont les r\u00e9sultats soient acceptables pour tous \u00bb, comportait un pr\u00e9ambule et des axes d\u00e9taill\u00e9s pour les diff\u00e9rents sujets li\u00e9s aux \u00e9lections susmentionn\u00e9es, avec un certain nombre de recommandations de nature \u00e0 contribuer \u00e0 faire avancer la pratique d\u00e9mocratique.<\/p>\n<p>Ces consultations consacrent l\u2019atmosph\u00e8re d\u2019apaisement politique et de normalisation de la sc\u00e8ne politique poursuivie par Son Excellence le Pr\u00e9sident de la R\u00e9publique, M. Mohamed Ould Cheikh El Ghazouani, depuis qu\u2019il a pris le pouvoir, et l\u2019interaction de la classe politique, de l\u2019opposition et de la majorit\u00e9, avec cette approche, qui a cr\u00e9\u00e9 des conditions favorables \u00e0 l\u2019instauration de la confiance entre les partis, et a constitu\u00e9 un terrain propice \u00e0 la concertation et \u00e0 la d\u00e9lib\u00e9ration sur les grandes questions nationales.<\/p>\n<p>Les partis politiques, opposition et majorit\u00e9, ont r\u00e9agi positivement \u00e0 la consultation annonc\u00e9e, et ont tenu \u00e0 suivre son rythme et son succ\u00e8s et \u00e0 participer \u00e0 tous ses ateliers depuis le d\u00e9but jusqu\u2019\u00e0 ce jour.<br \/>\nAmi<\/p>\n","protected":false},"excerpt":{"rendered":"<p>Le minist\u00e8re de l\u2019Int\u00e9rieur et de la D\u00e9centralisation a organis\u00e9, samedi soir, \u00e0 l\u2019h\u00f4tel Mauri-Centre \u00e0 Nouakchott, une r\u00e9union de concertation avec les partis politiques, consacr\u00e9e \u00e0 la mise au point des dossiers li\u00e9s \u00e0 la rentr\u00e9e parlementaire, r\u00e9gionale 2023 et aux \u00e9lections municipales. Tous les partis ont particip\u00e9 \u00e0 cette rencontre qui s\u2019est d\u00e9roul\u00e9e &hellip;<\/p>\n","protected":false},"author":2,"featured_media":4426,"comment_status":"open","ping_status":"open","sticky":false,"template":"","format":"standard","meta":{"footnotes":""},"categories":[18],"tags":[],"class_list":["post-4425","post","type-post","status-publish","format-standard","has-post-thumbnail","hentry","category-actualites"],"_links":{"self":[{"href":"https:\/\/ladepeche.mr\/index.php?rest_route=\/wp\/v2\/posts\/4425","targetHints":{"allow":["GET"]}}],"collection":[{"href":"https:\/\/ladepeche.mr\/index.php?rest_route=\/wp\/v2\/posts"}],"about":[{"href":"https:\/\/ladepeche.mr\/index.php?rest_route=\/wp\/v2\/types\/post"}],"author":[{"embeddable":true,"href":"https:\/\/ladepeche.mr\/index.php?rest_route=\/wp\/v2\/users\/2"}],"replies":[{"embeddable":true,"href":"https:\/\/ladepeche.mr\/index.php?rest_route=%2Fwp%2Fv2%2Fcomments&post=4425"}],"version-history":[{"count":1,"href":"https:\/\/ladepeche.mr\/index.php?rest_route=\/wp\/v2\/posts\/4425\/revisions"}],"predecessor-version":[{"id":4427,"href":"https:\/\/ladepeche.mr\/index.php?rest_route=\/wp\/v2\/posts\/4425\/revisions\/4427"}],"wp:featuredmedia":[{"embeddable":true,"href":"https:\/\/ladepeche.mr\/index.php?rest_route=\/wp\/v2\/media\/4426"}],"wp:attachment":[{"href":"https:\/\/ladepeche.mr\/index.php?rest_route=%2Fwp%2Fv2%2Fmedia&parent=4425"}],"wp:term":[{"taxonomy":"category","embeddable":true,"href":"https:\/\/ladepeche.mr\/index.php?rest_route=%2Fwp%2Fv2%2Fcategories&post=4425"},{"taxonomy":"post_tag","embeddable":true,"href":"https:\/\/ladepeche.mr\/index.php?rest_route=%2Fwp%2Fv2%2Ftags&post=4425"}],"curies":[{"name":"wp","href":"https:\/\/api.w.org\/{rel}","templated":true}]}}