{"id":4428,"date":"2023-02-26T18:02:47","date_gmt":"2023-02-26T18:02:47","guid":{"rendered":"https:\/\/ladepeche.mr\/?p=4428"},"modified":"2023-02-26T18:26:26","modified_gmt":"2023-02-26T18:26:26","slug":"sante-plus-un-cas-de-fievre-hemorragique-rassure-le-ministre-de-la-sante","status":"publish","type":"post","link":"https:\/\/ladepeche.mr\/?p=4428","title":{"rendered":"Sant\u00e9- Plus un cas de fi\u00e8vre h\u00e9morragique en Mauritanie, rassure le ministre de la sant\u00e9"},"content":{"rendered":"<p>Le ministre de la sant\u00e9, Mokhtar Ould Dahi, a officiellement annonc\u00e9, via un communiqu\u00e9 de son d\u00e9partement, que plus un cas de fi\u00e8vre h\u00e9morragique, vall\u00e9e du Rift ou Crim\u00e9e- Congo, n\u2019existe dor\u00e9navant dans le pays.<br \/>\nEn aout 2022, le minist\u00e8re avait fait cas de l\u2019apparition de la maladie \u00e0 Tintane (Hodh El Gharbi) pour ce qui est de la fi\u00e8vre de la vall\u00e9e du Rif, et \u00e0 M\u2019Bagne (Brakna) pour ce qui de la fi\u00e8vre Crim\u00e9e- Congo. Ce serait selon le communiqu\u00e9 du ministre qui reste muet sur le bilan humain de ces pand\u00e9mies, cette derni\u00e8re vague serait la 8\u00e8me apparue dans le pays depuis 1976.<br \/>\nLe minist\u00e8re argue avoir observ\u00e9 les d\u00e9lais de 79 jours fix\u00e9s par l\u2019Organisation mondiale de la sant\u00e9, \u00e0 l\u2019issue du contr\u00f4le \u00e9pid\u00e9miologique au niveau des moughataas dans lesquelles des cas de fi\u00e8vre h\u00e9morragique s\u2019\u00e9tait d\u00e9clar\u00e9e, \u00ab et apr\u00e8s s\u2019\u00eatre assur\u00e9 que la cha\u00eene d\u2019infection a finalement \u00e9t\u00e9 coup\u00e9e, sur la base des donn\u00e9es de surveillance \u00e9pid\u00e9miologique des services concern\u00e9s du minist\u00e8re\u00bb.<br \/>\nLe ministre qui a salu\u00e9 la mobilisation du personnel m\u00e9dical et des partenaires techniques et financier dans la riposte \u00e0 cette \u00e9pid\u00e9mie, indique que le gouvernement le pays \u00ab s\u2019est appuy\u00e9e sur ses propres capacit\u00e9s de diagnostic et de riposte \u00bb r\u00e9alisant pendant l\u2019\u00e9pid\u00e9mie 245 examens dont 57 positifs (53 de la Vall\u00e9e du Rift Fi\u00e8vre et 4 de Fi\u00e8vre de Crim\u00e9e- Congo). La fi\u00e8vre de la vall\u00e9e du Rift (FVR), la plus r\u00e9pandue pendant cette derni\u00e8re vague, touche principalement les animaux domestiques, en particulier les bovins, les ovins, les chameaux et les caprins, rappelle-t-on..<\/p>\n","protected":false},"excerpt":{"rendered":"<p>Le ministre de la sant\u00e9, Mokhtar Ould Dahi, a officiellement annonc\u00e9, via un communiqu\u00e9 de son d\u00e9partement, que plus un cas de fi\u00e8vre h\u00e9morragique, vall\u00e9e du Rift ou Crim\u00e9e- Congo, n\u2019existe dor\u00e9navant dans le pays. En aout 2022, le minist\u00e8re avait fait cas de l\u2019apparition de la maladie \u00e0 Tintane (Hodh El Gharbi) pour ce &hellip;<\/p>\n","protected":false},"author":2,"featured_media":4429,"comment_status":"open","ping_status":"open","sticky":false,"template":"","format":"standard","meta":{"footnotes":""},"categories":[18,27],"tags":[],"class_list":["post-4428","post","type-post","status-publish","format-standard","has-post-thumbnail","hentry","category-actualites","category-sante"],"_links":{"self":[{"href":"https:\/\/ladepeche.mr\/index.php?rest_route=\/wp\/v2\/posts\/4428","targetHints":{"allow":["GET"]}}],"collection":[{"href":"https:\/\/ladepeche.mr\/index.php?rest_route=\/wp\/v2\/posts"}],"about":[{"href":"https:\/\/ladepeche.mr\/index.php?rest_route=\/wp\/v2\/types\/post"}],"author":[{"embeddable":true,"href":"https:\/\/ladepeche.mr\/index.php?rest_route=\/wp\/v2\/users\/2"}],"replies":[{"embeddable":true,"href":"https:\/\/ladepeche.mr\/index.php?rest_route=%2Fwp%2Fv2%2Fcomments&post=4428"}],"version-history":[{"count":2,"href":"https:\/\/ladepeche.mr\/index.php?rest_route=\/wp\/v2\/posts\/4428\/revisions"}],"predecessor-version":[{"id":4431,"href":"https:\/\/ladepeche.mr\/index.php?rest_route=\/wp\/v2\/posts\/4428\/revisions\/4431"}],"wp:featuredmedia":[{"embeddable":true,"href":"https:\/\/ladepeche.mr\/index.php?rest_route=\/wp\/v2\/media\/4429"}],"wp:attachment":[{"href":"https:\/\/ladepeche.mr\/index.php?rest_route=%2Fwp%2Fv2%2Fmedia&parent=4428"}],"wp:term":[{"taxonomy":"category","embeddable":true,"href":"https:\/\/ladepeche.mr\/index.php?rest_route=%2Fwp%2Fv2%2Fcategories&post=4428"},{"taxonomy":"post_tag","embeddable":true,"href":"https:\/\/ladepeche.mr\/index.php?rest_route=%2Fwp%2Fv2%2Ftags&post=4428"}],"curies":[{"name":"wp","href":"https:\/\/api.w.org\/{rel}","templated":true}]}}