{"id":4434,"date":"2023-02-26T19:35:51","date_gmt":"2023-02-26T19:35:51","guid":{"rendered":"https:\/\/ladepeche.mr\/?p=4434"},"modified":"2023-02-26T22:57:59","modified_gmt":"2023-02-26T22:57:59","slug":"delocalisation-du-conseil-des-ministres-apres-rosso-cest-autour-de-nema-dheberger-le-gouvernement","status":"publish","type":"post","link":"https:\/\/ladepeche.mr\/?p=4434","title":{"rendered":"D\u00e9localisation du conseil des ministres : Apr\u00e8s Rosso, c\u2019est autour de N\u00e9ma d\u2019h\u00e9berger le gouvernement"},"content":{"rendered":"<p>Jeudi prochain, la capitale du Hodh Charghi, N\u00e9ma accueillera la r\u00e9union hebdomadaire du gouvernement. C\u2019est l\u2019autre extr\u00e9mit\u00e9 de la route de l\u2019Espoir dans laquelle s&#8217;enfonce le gouvernement.<br \/>\nUne alternative salu\u00e9e par les populations locales qui y fondent de grands espoirs, si l\u2019on en croit le maire de la ville. En effet, selon le maire de la commune de N\u00e9ma, Sidi Mohamed Ould Mohamed, cit\u00e9 par l\u2019agence mauritanienne d\u2019information, la tenue du Conseil des ministres dans la ville de N\u00e9ma \u00bb s\u2019inscrit dans le cadre de l\u2019appui \u00e0 la d\u00e9centralisation et de l\u2019encouragement du d\u00e9veloppement local \u00bb. Une philosophie que soutient l\u2019agence mauritanienne d\u2019information expliquant que \u00ab la tenue p\u00e9riodique du conseil des ministres dans les wilyaya de l\u2019int\u00e9rieur s\u2019inscrit dans le cadre des efforts visant \u00e0 rapprocher le service du citoyen, \u00e0 conna\u00eetre sur le terrain la r\u00e9alit\u00e9 de chaque wilaya en identifiant ses besoins fondamentaux et en prenant les mesures appropri\u00e9es tendant \u00e0 dynamiser l\u2019exploitation de ses ressources locales dans le but d\u2019accro\u00eetre sa contribution \u00e0 l\u2019\u00e9conomie nationale \u00bb.<br \/>\nR\u00e9gion pastorale par excellence, N\u00e9ma est la capitale r\u00e9gionale du Hodh Charghi vaste de 183 000 km2 et compos\u00e9e d\u2019au moins sept mougataa. La r\u00e9gion abrite \u00e9galement 478 464 habitants. Mais cette r\u00e9gion connue pour \u00eatre un grenier \u00e9lectoral reste d\u2019apparence pauvre. Les infrastructures n\u2019y sont pas l\u00e9gion et sa position frontali\u00e8re la met face \u00e0 d\u2019\u00e9normes d\u00e9fis.<br \/>\nEn d\u00e9pit d\u2019une ressource humaine bien form\u00e9e, mais diss\u00e9min\u00e9e dans les administrations centrales \u00e0 Nouakchott, l\u2019essentiel de sa population autochtone vit du commerce, de l\u2019\u00e9levage qui y est l\u2019activit\u00e9 principale et \u00ab l\u2019une des sources essentielles les plus importantes pour approvisionner les diff\u00e9rentes villes du pays en viande rouge \u00bb. Son cheptel est aussi \u00e0 l\u2019origine d\u2019un commerce florissant avec les pays riverains. Mais son syst\u00e8me d\u2019exploitation extensif r\u00e9duit consid\u00e9rablement sa contribution non seulement au d\u00e9veloppement local mais aussi en terme de participation \u00e0 l\u2019\u00e9conomie nationale. C\u2019est, sans doute, pour cette raison, que le gouvernement y avait lanc\u00e9, il y a deux ans, la foire de N\u00e9ma esp\u00e9rant booster l\u2019int\u00e9r\u00eat des investisseurs locaux et \u00e9trangers pour diversifier son rendement. Beaucoup de promesses ont \u00e9t\u00e9 faites mais la mobilisation de l\u2019investissement national n\u2019annonce pas encore le d\u00e9collage du secteur de l\u2019\u00e9levage et ses d\u00e9riv\u00e9s. Le cheptel de la wilaya est officiellement estim\u00e9 \u00e0 729.300 bovins, 4.299.750 petits ruminants, 625.700 camelins, en plus de 273.000 \u00e9quid\u00e9s (chevaux, \u00e2nes et mulets).<br \/>\nUne concentration animali\u00e8re qui justifierait l\u2019existence de 200 parcs de vaccination et des tentatives d\u2019am\u00e9lioration des races par ins\u00e9mination artificielle et pour l\u2019am\u00e9lioration g\u00e9n\u00e9tique des races laiti\u00e8res. Mais cela ne saurait \u00eatre suffisant. Les populations fondent donc encore des espoirs sur la d\u00e9localisation des r\u00e9unions gouvernementales pour que les autorit\u00e9s soient sensibilis\u00e9es sur les atouts et les d\u00e9fis de la r\u00e9gion.<br \/>\nJD (avec agence)<\/p>\n","protected":false},"excerpt":{"rendered":"<p>Jeudi prochain, la capitale du Hodh Charghi, N\u00e9ma accueillera la r\u00e9union hebdomadaire du gouvernement. C\u2019est l\u2019autre extr\u00e9mit\u00e9 de la route de l\u2019Espoir dans laquelle s&#8217;enfonce le gouvernement. Une alternative salu\u00e9e par les populations locales qui y fondent de grands espoirs, si l\u2019on en croit le maire de la ville. En effet, selon le maire de &hellip;<\/p>\n","protected":false},"author":2,"featured_media":4435,"comment_status":"open","ping_status":"open","sticky":false,"template":"","format":"standard","meta":{"footnotes":""},"categories":[18,2],"tags":[],"class_list":["post-4434","post","type-post","status-publish","format-standard","has-post-thumbnail","hentry","category-actualites","category-economie"],"_links":{"self":[{"href":"https:\/\/ladepeche.mr\/index.php?rest_route=\/wp\/v2\/posts\/4434","targetHints":{"allow":["GET"]}}],"collection":[{"href":"https:\/\/ladepeche.mr\/index.php?rest_route=\/wp\/v2\/posts"}],"about":[{"href":"https:\/\/ladepeche.mr\/index.php?rest_route=\/wp\/v2\/types\/post"}],"author":[{"embeddable":true,"href":"https:\/\/ladepeche.mr\/index.php?rest_route=\/wp\/v2\/users\/2"}],"replies":[{"embeddable":true,"href":"https:\/\/ladepeche.mr\/index.php?rest_route=%2Fwp%2Fv2%2Fcomments&post=4434"}],"version-history":[{"count":4,"href":"https:\/\/ladepeche.mr\/index.php?rest_route=\/wp\/v2\/posts\/4434\/revisions"}],"predecessor-version":[{"id":4446,"href":"https:\/\/ladepeche.mr\/index.php?rest_route=\/wp\/v2\/posts\/4434\/revisions\/4446"}],"wp:featuredmedia":[{"embeddable":true,"href":"https:\/\/ladepeche.mr\/index.php?rest_route=\/wp\/v2\/media\/4435"}],"wp:attachment":[{"href":"https:\/\/ladepeche.mr\/index.php?rest_route=%2Fwp%2Fv2%2Fmedia&parent=4434"}],"wp:term":[{"taxonomy":"category","embeddable":true,"href":"https:\/\/ladepeche.mr\/index.php?rest_route=%2Fwp%2Fv2%2Fcategories&post=4434"},{"taxonomy":"post_tag","embeddable":true,"href":"https:\/\/ladepeche.mr\/index.php?rest_route=%2Fwp%2Fv2%2Ftags&post=4434"}],"curies":[{"name":"wp","href":"https:\/\/api.w.org\/{rel}","templated":true}]}}