{"id":4442,"date":"2023-02-26T20:08:18","date_gmt":"2023-02-26T20:08:18","guid":{"rendered":"https:\/\/ladepeche.mr\/?p=4442"},"modified":"2023-02-26T20:08:18","modified_gmt":"2023-02-26T20:08:18","slug":"prorogation-du-ravel-le-bouche-a-oreille-de-la-ceni","status":"publish","type":"post","link":"https:\/\/ladepeche.mr\/?p=4442","title":{"rendered":"Prorogation du Ravel : Le bouche \u00e0 oreille de la CENI!"},"content":{"rendered":"<p>D\u00e9cid\u00e9ment, l\u2019actuelle Commission Electorale Nationale Ind\u00e9pendante fonctionne avec des tares cong\u00e9nitales ce qui pourrait rejaillir sur la gestion et l\u2019observation prochaine des \u00e9lections.<br \/>\nSi l\u2019on en croit nos confr\u00e8res de \u00ab Alakhbar \u00bb, le recensement administratif \u00e0 vocation \u00e9lectorale aurait \u00e9t\u00e9 prorog\u00e9 de dix jours. Rien sur le site de la CENI. Cette annonce attribu\u00e9e \u00e0 la CENI \u2013 qui n\u2019a fait aucun communiqu\u00e9, ni diffus\u00e9 un avis, en direction des populations- est un fait une information ventil\u00e9e par les coordinateurs de la CENI dans ses centres.  Du bouche \u00e0 oreille !<br \/>\nLes op\u00e9rations du RAVEL qui aurait d\u00e9j\u00e0 recens\u00e9 1.517.507 personnes sur les listes \u00e9lectorales devait, rappelle-t-on, prendre fin dans la nuit de dimanche \u00e0 lundi. <\/p>\n","protected":false},"excerpt":{"rendered":"<p>D\u00e9cid\u00e9ment, l\u2019actuelle Commission Electorale Nationale Ind\u00e9pendante fonctionne avec des tares cong\u00e9nitales ce qui pourrait rejaillir sur la gestion et l\u2019observation prochaine des \u00e9lections. Si l\u2019on en croit nos confr\u00e8res de \u00ab Alakhbar \u00bb, le recensement administratif \u00e0 vocation \u00e9lectorale aurait \u00e9t\u00e9 prorog\u00e9 de dix jours. Rien sur le site de la CENI. Cette annonce attribu\u00e9e &hellip;<\/p>\n","protected":false},"author":2,"featured_media":4443,"comment_status":"open","ping_status":"open","sticky":false,"template":"","format":"standard","meta":{"footnotes":""},"categories":[18],"tags":[],"class_list":["post-4442","post","type-post","status-publish","format-standard","has-post-thumbnail","hentry","category-actualites"],"_links":{"self":[{"href":"https:\/\/ladepeche.mr\/index.php?rest_route=\/wp\/v2\/posts\/4442","targetHints":{"allow":["GET"]}}],"collection":[{"href":"https:\/\/ladepeche.mr\/index.php?rest_route=\/wp\/v2\/posts"}],"about":[{"href":"https:\/\/ladepeche.mr\/index.php?rest_route=\/wp\/v2\/types\/post"}],"author":[{"embeddable":true,"href":"https:\/\/ladepeche.mr\/index.php?rest_route=\/wp\/v2\/users\/2"}],"replies":[{"embeddable":true,"href":"https:\/\/ladepeche.mr\/index.php?rest_route=%2Fwp%2Fv2%2Fcomments&post=4442"}],"version-history":[{"count":1,"href":"https:\/\/ladepeche.mr\/index.php?rest_route=\/wp\/v2\/posts\/4442\/revisions"}],"predecessor-version":[{"id":4444,"href":"https:\/\/ladepeche.mr\/index.php?rest_route=\/wp\/v2\/posts\/4442\/revisions\/4444"}],"wp:featuredmedia":[{"embeddable":true,"href":"https:\/\/ladepeche.mr\/index.php?rest_route=\/wp\/v2\/media\/4443"}],"wp:attachment":[{"href":"https:\/\/ladepeche.mr\/index.php?rest_route=%2Fwp%2Fv2%2Fmedia&parent=4442"}],"wp:term":[{"taxonomy":"category","embeddable":true,"href":"https:\/\/ladepeche.mr\/index.php?rest_route=%2Fwp%2Fv2%2Fcategories&post=4442"},{"taxonomy":"post_tag","embeddable":true,"href":"https:\/\/ladepeche.mr\/index.php?rest_route=%2Fwp%2Fv2%2Ftags&post=4442"}],"curies":[{"name":"wp","href":"https:\/\/api.w.org\/{rel}","templated":true}]}}