{"id":4447,"date":"2023-02-27T13:01:23","date_gmt":"2023-02-27T13:01:23","guid":{"rendered":"https:\/\/ladepeche.mr\/?p=4447"},"modified":"2023-02-27T13:01:23","modified_gmt":"2023-02-27T13:01:23","slug":"avant-sa-tournee-en-afrique-centrale-emmanuel-macron-fixe-le-cap-de-sa-politique-africaine","status":"publish","type":"post","link":"https:\/\/ladepeche.mr\/?p=4447","title":{"rendered":"Avant sa tourn\u00e9e en Afrique centrale, Emmanuel Macron fixe le cap de sa politique africaine"},"content":{"rendered":"<p>Le pr\u00e9sident fran\u00e7ais Emmanuel Macron pr\u00e9sentera, depuis l\u2019\u00c9lys\u00e9e lundi 27 f\u00e9vrier, un nouveau discours sur les orientations de sa politique africaine dans les ann\u00e9es \u00e0 venir. Il intervient juste avant le d\u00e9but d&#8217;une tourn\u00e9e du pr\u00e9sident fran\u00e7ais dans quatre pays d&#8217;Afrique centrale : le Gabon, l&#8217;Angola, le Congo et la R\u00e9publique d\u00e9mocratique du Congo.<br \/>\nDans le discours qu\u2019il doit tenir lundi 27 f\u00e9vrier, Emmanuel Macron exposera \u00ab ses priorit\u00e9s et sa m\u00e9thode pour approfondir le partenariat entre la France, l&#8217;Europe et le continent africain \u00bb, explique l\u2019\u00c9lys\u00e9e. Il indiquera \u00e9galement comment Paris envisage l&#8217;\u00e9volution de sa pr\u00e9sence militaire sur le continent, alors que l&#8217;arm\u00e9e fran\u00e7ais a d\u00fb quitter le Mali et le Burkina Faso, o\u00f9 elle \u00e9tait engag\u00e9e dans des actions conjointes de lutte contre le terrorisme.<\/p>\n<p>\u00ab La philosophie de ce changement, c&#8217;est de coop\u00e9rer autrement, pas de mettre plus ou moins d&#8217;hommes \u00bb, pr\u00e9cise un conseiller du pr\u00e9sident \u00e0 l\u2019AFP. \u00ab Nous rentrons dans un cycle o\u00f9 nous allons travailler en deuxi\u00e8me rideau \u00bb, ajoute-t-il.<\/p>\n<p>Ce discours de l&#8217;\u00c9lys\u00e9e intervient apr\u00e8s celui de Ouagadougou en novembre 2017, dans lequel Emmanuel Macron avait d\u00e9velopp\u00e9 les principes qu&#8217;il entendait impulser lors de son premier quinquennat \u00e0 la politique africaine de la France.<\/p>\n<p>Cette prise de parole veut fixer le cap de son second mandat. Elle arrive dans un contexte o\u00f9, sur le continent, les liens de la France avec ses anciennes colonies provoquent de plus en plus de d\u00e9bats au sein d&#8217;une jeunesse soucieuse d&#8217;inventer un nouveau type de relations internationales.<br \/>\nRfi.fr<\/p>\n","protected":false},"excerpt":{"rendered":"<p>Le pr\u00e9sident fran\u00e7ais Emmanuel Macron pr\u00e9sentera, depuis l\u2019\u00c9lys\u00e9e lundi 27 f\u00e9vrier, un nouveau discours sur les orientations de sa politique africaine dans les ann\u00e9es \u00e0 venir. Il intervient juste avant le d\u00e9but d&#8217;une tourn\u00e9e du pr\u00e9sident fran\u00e7ais dans quatre pays d&#8217;Afrique centrale : le Gabon, l&#8217;Angola, le Congo et la R\u00e9publique d\u00e9mocratique du Congo. Dans &hellip;<\/p>\n","protected":false},"author":2,"featured_media":4448,"comment_status":"open","ping_status":"open","sticky":false,"template":"","format":"standard","meta":{"footnotes":""},"categories":[18,29],"tags":[],"class_list":["post-4447","post","type-post","status-publish","format-standard","has-post-thumbnail","hentry","category-actualites","category-monde"],"_links":{"self":[{"href":"https:\/\/ladepeche.mr\/index.php?rest_route=\/wp\/v2\/posts\/4447","targetHints":{"allow":["GET"]}}],"collection":[{"href":"https:\/\/ladepeche.mr\/index.php?rest_route=\/wp\/v2\/posts"}],"about":[{"href":"https:\/\/ladepeche.mr\/index.php?rest_route=\/wp\/v2\/types\/post"}],"author":[{"embeddable":true,"href":"https:\/\/ladepeche.mr\/index.php?rest_route=\/wp\/v2\/users\/2"}],"replies":[{"embeddable":true,"href":"https:\/\/ladepeche.mr\/index.php?rest_route=%2Fwp%2Fv2%2Fcomments&post=4447"}],"version-history":[{"count":1,"href":"https:\/\/ladepeche.mr\/index.php?rest_route=\/wp\/v2\/posts\/4447\/revisions"}],"predecessor-version":[{"id":4449,"href":"https:\/\/ladepeche.mr\/index.php?rest_route=\/wp\/v2\/posts\/4447\/revisions\/4449"}],"wp:featuredmedia":[{"embeddable":true,"href":"https:\/\/ladepeche.mr\/index.php?rest_route=\/wp\/v2\/media\/4448"}],"wp:attachment":[{"href":"https:\/\/ladepeche.mr\/index.php?rest_route=%2Fwp%2Fv2%2Fmedia&parent=4447"}],"wp:term":[{"taxonomy":"category","embeddable":true,"href":"https:\/\/ladepeche.mr\/index.php?rest_route=%2Fwp%2Fv2%2Fcategories&post=4447"},{"taxonomy":"post_tag","embeddable":true,"href":"https:\/\/ladepeche.mr\/index.php?rest_route=%2Fwp%2Fv2%2Ftags&post=4447"}],"curies":[{"name":"wp","href":"https:\/\/api.w.org\/{rel}","templated":true}]}}