{"id":4450,"date":"2023-02-27T18:09:23","date_gmt":"2023-02-27T18:09:23","guid":{"rendered":"https:\/\/ladepeche.mr\/?p=4450"},"modified":"2023-02-27T18:10:16","modified_gmt":"2023-02-27T18:10:16","slug":"le-ministre-des-affaires-economique-sentretient-avec-la-vice-presidente-du-millennium-challenge-corporation","status":"publish","type":"post","link":"https:\/\/ladepeche.mr\/?p=4450","title":{"rendered":"Le ministre des Affaires \u00e9conomiques s&#8217;entretient avec la vice-pr\u00e9sidente du Millennium Challenge Corporation"},"content":{"rendered":"<p>Le ministre des Affaires Economiques, de la Promotion et des Secteurs Productifs, M. Ousmane Mamoudou Kane, a tenu,  lundi matin, dans les locaux du  minist\u00e8re, une s\u00e9ance d&#8217;entretiens avec une d\u00e9l\u00e9gation du Millennium Challenge Corporation conduite par la Vice Pr\u00e9sidente du D\u00e9partement des Politiques et de l&#8217;Evaluation du MCC, Madame Alicia Philips Mandaville, qui visite actuellement notre pays dans l\u2019objectif d\u2019initier le travail entre notre pays et le MCC, suite \u00e0 l\u2019\u00e9ligibilit\u00e9 de la Mauritanie au Programme de Seuil MCC en d\u00e9cembre 2022.<\/p>\n<p>Inaugurant les travaux de la rencontre, le ministre a exprim\u00e9 son appr\u00e9ciation de la mission de haut niveau, en visite dans notre pays dans le cadre du d\u00e9but du partenariat entre la Mauritanie et MCC.<\/p>\n<p>Le ministre a soulign\u00e9 que les r\u00e9formes politiques et \u00e9conomiques qui ont permis \u00e0 la Mauritanie de se qualifier pour le programme de \u00ab Seuil \u00bb MCC constituent d\u2019abord un engagement national dans l&#8217;int\u00e9r\u00eat de la Mauritanie, soulignant que cette relation sera renforc\u00e9e et approfondie sur la base de ce nouveau partenariat qui permettra \u00e0 notre pays de b\u00e9n\u00e9ficier de l&#8217;expertise technique de cette institution pionni\u00e8re.<\/p>\n<p>A son tour, la vice-pr\u00e9sidente de la Millennium Challenge Corporation a salu\u00e9 les r\u00e9formes qui ont permis \u00e0 notre pays de b\u00e9n\u00e9ficier des programmes de son institution. Elle  a \u00e9galement pass\u00e9 en revue l\u2019approche de son institution dans la phase actuelle vis-\u00e0-vis de notre pays.<\/p>\n<p>Mme Philips Mandaville a par ailleurs exprim\u00e9  son optimisme quant \u00e0 l&#8217;avenir de la coop\u00e9ration entre le MCC et la Mauritanie.<\/p>\n<p>Ont assist\u00e9 \u00e0 la rencontre aux c\u00f4t\u00e9s du ministre, le Secr\u00e9taire g\u00e9n\u00e9ral du D\u00e9partement,  l\u2019administrateur du programme de \u00ab Seuil \u00bb et un certain nombre de cadres du minist\u00e8re charg\u00e9s du dossier. Quant \u00e0 la d\u00e9l\u00e9gation MCC, elle comprend l\u2019ambassadrice des USA accr\u00e9dit\u00e9 dans notre pays, le Directeur G\u00e9n\u00e9ral du programme de \u00ab Seuil \u00bbMCC, M. James Gerard, et M.  Patrick Malarkey, responsable pays au sein du MCC.<br \/>\nSource MAEPSP <\/p>\n","protected":false},"excerpt":{"rendered":"<p>Le ministre des Affaires Economiques, de la Promotion et des Secteurs Productifs, M. Ousmane Mamoudou Kane, a tenu, lundi matin, dans les locaux du minist\u00e8re, une s\u00e9ance d&#8217;entretiens avec une d\u00e9l\u00e9gation du Millennium Challenge Corporation conduite par la Vice Pr\u00e9sidente du D\u00e9partement des Politiques et de l&#8217;Evaluation du MCC, Madame Alicia Philips Mandaville, qui visite &hellip;<\/p>\n","protected":false},"author":2,"featured_media":4451,"comment_status":"open","ping_status":"open","sticky":false,"template":"","format":"standard","meta":{"footnotes":""},"categories":[18,2],"tags":[],"class_list":["post-4450","post","type-post","status-publish","format-standard","has-post-thumbnail","hentry","category-actualites","category-economie"],"_links":{"self":[{"href":"https:\/\/ladepeche.mr\/index.php?rest_route=\/wp\/v2\/posts\/4450","targetHints":{"allow":["GET"]}}],"collection":[{"href":"https:\/\/ladepeche.mr\/index.php?rest_route=\/wp\/v2\/posts"}],"about":[{"href":"https:\/\/ladepeche.mr\/index.php?rest_route=\/wp\/v2\/types\/post"}],"author":[{"embeddable":true,"href":"https:\/\/ladepeche.mr\/index.php?rest_route=\/wp\/v2\/users\/2"}],"replies":[{"embeddable":true,"href":"https:\/\/ladepeche.mr\/index.php?rest_route=%2Fwp%2Fv2%2Fcomments&post=4450"}],"version-history":[{"count":2,"href":"https:\/\/ladepeche.mr\/index.php?rest_route=\/wp\/v2\/posts\/4450\/revisions"}],"predecessor-version":[{"id":4453,"href":"https:\/\/ladepeche.mr\/index.php?rest_route=\/wp\/v2\/posts\/4450\/revisions\/4453"}],"wp:featuredmedia":[{"embeddable":true,"href":"https:\/\/ladepeche.mr\/index.php?rest_route=\/wp\/v2\/media\/4451"}],"wp:attachment":[{"href":"https:\/\/ladepeche.mr\/index.php?rest_route=%2Fwp%2Fv2%2Fmedia&parent=4450"}],"wp:term":[{"taxonomy":"category","embeddable":true,"href":"https:\/\/ladepeche.mr\/index.php?rest_route=%2Fwp%2Fv2%2Fcategories&post=4450"},{"taxonomy":"post_tag","embeddable":true,"href":"https:\/\/ladepeche.mr\/index.php?rest_route=%2Fwp%2Fv2%2Ftags&post=4450"}],"curies":[{"name":"wp","href":"https:\/\/api.w.org\/{rel}","templated":true}]}}