{"id":4455,"date":"2023-02-28T11:56:02","date_gmt":"2023-02-28T11:56:02","guid":{"rendered":"https:\/\/ladepeche.mr\/?p=4455"},"modified":"2023-02-28T11:56:02","modified_gmt":"2023-02-28T11:56:02","slug":"prorogation-du-ravel-enfin-un-communique-de-la-ceni","status":"publish","type":"post","link":"https:\/\/ladepeche.mr\/?p=4455","title":{"rendered":"Prorogation du Ravel: Enfin, un communiqu\u00e9 de la CENI"},"content":{"rendered":"<p>La Commission Electorale Nationale Ind\u00e9pendante (CENI) a finalement d\u00e9cid\u00e9 de diffuser, lundi, un communiqu\u00e9 pour officialiser la prorogation de 15  jours, et non 10 jours, du recensement administratif \u00e0 vocation \u00e9lectorale (RAVEL).<br \/>\nSelon la CENI, cit\u00e9e par l&#8217;agence mauritanienne d&#8217;information, \u00abapr\u00e8s son \u00e9valuation des r\u00e9sultats du recensement administratif \u00e0 vocation \u00e9lectorale (RAVEL), lanc\u00e9 le 27 janvier 2023, et apr\u00e8s une large consultation et sondage des \u00e9lecteurs, la Commission \u00e9lectorale nationale ind\u00e9pendante a d\u00e9cid\u00e9, \u00e0 l\u2019issue d\u2019une d\u00e9lib\u00e9ration ce soir, de prolonger le recensement administratif \u00e0 vocation \u00e9lectorale pour une dur\u00e9e de 15 jours, \u00e0 partir du 27 f\u00e9vrier 2023 jusqu\u2019au 13 mars 2023 \u00e0 minuit. \u00bb<br \/>\nDans une pr\u00e9c\u00e9dente information diffus\u00e9e par nos confr\u00e8res de Alakhbar sur la foi de d\u00e9clarations de coordinateurs de la CENI, une prorogation de 10 jours avait \u00e9t\u00e9 avanc\u00e9e.<br \/>\nCe report de la fin du d\u00e9lai d&#8217;inscription sur les listes \u00e9lectorales pourrait permettre un recensement plus important. Les derni\u00e8res \u00e9valuations du RAVEL faisaient \u00e9tat de plus de 1 million 5 cents personnes recens\u00e9es depuis le d\u00e9but des op\u00e9rations de recensement.<\/p>\n","protected":false},"excerpt":{"rendered":"<p>La Commission Electorale Nationale Ind\u00e9pendante (CENI) a finalement d\u00e9cid\u00e9 de diffuser, lundi, un communiqu\u00e9 pour officialiser la prorogation de 15 jours, et non 10 jours, du recensement administratif \u00e0 vocation \u00e9lectorale (RAVEL). Selon la CENI, cit\u00e9e par l&#8217;agence mauritanienne d&#8217;information, \u00abapr\u00e8s son \u00e9valuation des r\u00e9sultats du recensement administratif \u00e0 vocation \u00e9lectorale (RAVEL), lanc\u00e9 le 27 &hellip;<\/p>\n","protected":false},"author":2,"featured_media":4443,"comment_status":"open","ping_status":"open","sticky":false,"template":"","format":"standard","meta":{"footnotes":""},"categories":[18],"tags":[],"class_list":["post-4455","post","type-post","status-publish","format-standard","has-post-thumbnail","hentry","category-actualites"],"_links":{"self":[{"href":"https:\/\/ladepeche.mr\/index.php?rest_route=\/wp\/v2\/posts\/4455","targetHints":{"allow":["GET"]}}],"collection":[{"href":"https:\/\/ladepeche.mr\/index.php?rest_route=\/wp\/v2\/posts"}],"about":[{"href":"https:\/\/ladepeche.mr\/index.php?rest_route=\/wp\/v2\/types\/post"}],"author":[{"embeddable":true,"href":"https:\/\/ladepeche.mr\/index.php?rest_route=\/wp\/v2\/users\/2"}],"replies":[{"embeddable":true,"href":"https:\/\/ladepeche.mr\/index.php?rest_route=%2Fwp%2Fv2%2Fcomments&post=4455"}],"version-history":[{"count":1,"href":"https:\/\/ladepeche.mr\/index.php?rest_route=\/wp\/v2\/posts\/4455\/revisions"}],"predecessor-version":[{"id":4456,"href":"https:\/\/ladepeche.mr\/index.php?rest_route=\/wp\/v2\/posts\/4455\/revisions\/4456"}],"wp:featuredmedia":[{"embeddable":true,"href":"https:\/\/ladepeche.mr\/index.php?rest_route=\/wp\/v2\/media\/4443"}],"wp:attachment":[{"href":"https:\/\/ladepeche.mr\/index.php?rest_route=%2Fwp%2Fv2%2Fmedia&parent=4455"}],"wp:term":[{"taxonomy":"category","embeddable":true,"href":"https:\/\/ladepeche.mr\/index.php?rest_route=%2Fwp%2Fv2%2Fcategories&post=4455"},{"taxonomy":"post_tag","embeddable":true,"href":"https:\/\/ladepeche.mr\/index.php?rest_route=%2Fwp%2Fv2%2Ftags&post=4455"}],"curies":[{"name":"wp","href":"https:\/\/api.w.org\/{rel}","templated":true}]}}