{"id":4474,"date":"2023-02-28T23:00:55","date_gmt":"2023-02-28T23:00:55","guid":{"rendered":"https:\/\/ladepeche.mr\/?p=4474"},"modified":"2023-02-28T22:55:08","modified_gmt":"2023-02-28T22:55:08","slug":"presidentielle-au-nigeria-le-candidat-du-pouvoir-en-tete-lopposition-denonce-un-simulacre","status":"publish","type":"post","link":"https:\/\/ladepeche.mr\/?p=4474","title":{"rendered":"Pr\u00e9sidentielle au Nigeria : le candidat du pouvoir en t\u00eate, l&#8217;opposition d\u00e9nonce un &#8220;simulacre&#8221;"},"content":{"rendered":"<p>Bola Tinubu, du parti au pouvoir au Nigeria, a pris une l\u00e9g\u00e8re avance dans la cLes r\u00e9sultats complets de la pr\u00e9sidentielle au Nigeria se faisaient toujours attendre mardi 28 f\u00e9vrier. Bola Tinubu, du parti au pouvoir, semble prendre une l\u00e9g\u00e8re avance, devant Atiku Abubakar, son principal rival, apr\u00e8s un d\u00e9compte encore partiel mais d\u00e9j\u00e0 contest\u00e9 par l&#8217;opposition, qui r\u00e9clame l&#8217;annulation du scrutin.<\/p>\n<p>Devanc\u00e9 au niveau national, l&#8217;outsider Peter Obi a toutefois cr\u00e9\u00e9 la surprise lundi matin en remportant (de tr\u00e8s peu) le plus grand nombre de voix dans l&#8217;\u00c9tat strat\u00e9gique de Lagos, la bouillonnante capitale \u00e9conomique de 20 millions d&#8217;habitants, et pourtant fief de Bola Tinubu.<\/p>\n<p>Le &#8220;parrain de Lagos&#8221;, comme est surnomm\u00e9 Bola Tinubu du fait de son immense influence politique dans la m\u00e9gapole qu&#8217;il gouverna de 1999 \u00e0 2007, n&#8217;a pas encore comment\u00e9 les r\u00e9sultats nationaux partiels. Mais il a cependant reconnu sa d\u00e9faite \u00e0 Lagos dans un communiqu\u00e9, appelant aussi au calme apr\u00e8s des \u00e9ruptions de violences.<\/p>\n<p>&#8220;Il ne faut pas exag\u00e9rer l&#8217;importance&#8221; de la victoire d&#8217;Obi \u00e0 Lagos, selon Amaka Anku, analyste du groupe Eurasia. &#8220;Ce qui est important, c&#8217;est de voir ce que fait Tinubu dans le Nord \u2013 jusqu&#8217;\u00e0 pr\u00e9sent, il semble qu&#8217;il se d\u00e9brouille bien \u2013 et ailleurs dans (ses fiefs du) Sud-Ouest.&#8221;<\/p>\n<p>14 \u00c9tats sur 36 comptabilis\u00e9s<\/p>\n<p>Plus de 87 millions d&#8217;\u00e9lecteurs ont vot\u00e9 samedi pour choisir parmi 18 candidats la personne qui aura la lourde t\u00e2che pendant quatre ans de redresser le pays le plus peupl\u00e9 d&#8217;Afrique, plomb\u00e9 par une \u00e9conomie en berne, les violences r\u00e9currentes de groupes arm\u00e9s et de bandits, ainsi qu&#8217;un appauvrissement g\u00e9n\u00e9ralis\u00e9 de la population.<\/p>\n<p>Lire la suite sur:https:\/\/amp.france24.com\/fr\/afrique\/20230228-pr\u00e9sidentielle-au-nigeria-l\u00e9g\u00e8re-avance-de-bola-tinubu-peter-obi-remporte-l-\u00e9tat-de-lagos<\/p>\n","protected":false},"excerpt":{"rendered":"<p>Bola Tinubu, du parti au pouvoir au Nigeria, a pris une l\u00e9g\u00e8re avance dans la cLes r\u00e9sultats complets de la pr\u00e9sidentielle au Nigeria se faisaient toujours attendre mardi 28 f\u00e9vrier. Bola Tinubu, du parti au pouvoir, semble prendre une l\u00e9g\u00e8re avance, devant Atiku Abubakar, son principal rival, apr\u00e8s un d\u00e9compte encore partiel mais d\u00e9j\u00e0 contest\u00e9 &hellip;<\/p>\n","protected":false},"author":2,"featured_media":4476,"comment_status":"open","ping_status":"open","sticky":false,"template":"","format":"standard","meta":{"footnotes":""},"categories":[18,29,1],"tags":[],"class_list":["post-4474","post","type-post","status-publish","format-standard","has-post-thumbnail","hentry","category-actualites","category-monde","category-uncategorized"],"_links":{"self":[{"href":"https:\/\/ladepeche.mr\/index.php?rest_route=\/wp\/v2\/posts\/4474","targetHints":{"allow":["GET"]}}],"collection":[{"href":"https:\/\/ladepeche.mr\/index.php?rest_route=\/wp\/v2\/posts"}],"about":[{"href":"https:\/\/ladepeche.mr\/index.php?rest_route=\/wp\/v2\/types\/post"}],"author":[{"embeddable":true,"href":"https:\/\/ladepeche.mr\/index.php?rest_route=\/wp\/v2\/users\/2"}],"replies":[{"embeddable":true,"href":"https:\/\/ladepeche.mr\/index.php?rest_route=%2Fwp%2Fv2%2Fcomments&post=4474"}],"version-history":[{"count":1,"href":"https:\/\/ladepeche.mr\/index.php?rest_route=\/wp\/v2\/posts\/4474\/revisions"}],"predecessor-version":[{"id":4475,"href":"https:\/\/ladepeche.mr\/index.php?rest_route=\/wp\/v2\/posts\/4474\/revisions\/4475"}],"wp:featuredmedia":[{"embeddable":true,"href":"https:\/\/ladepeche.mr\/index.php?rest_route=\/wp\/v2\/media\/4476"}],"wp:attachment":[{"href":"https:\/\/ladepeche.mr\/index.php?rest_route=%2Fwp%2Fv2%2Fmedia&parent=4474"}],"wp:term":[{"taxonomy":"category","embeddable":true,"href":"https:\/\/ladepeche.mr\/index.php?rest_route=%2Fwp%2Fv2%2Fcategories&post=4474"},{"taxonomy":"post_tag","embeddable":true,"href":"https:\/\/ladepeche.mr\/index.php?rest_route=%2Fwp%2Fv2%2Ftags&post=4474"}],"curies":[{"name":"wp","href":"https:\/\/api.w.org\/{rel}","templated":true}]}}