{"id":4481,"date":"2023-03-02T12:24:18","date_gmt":"2023-03-02T12:24:18","guid":{"rendered":"https:\/\/ladepeche.mr\/?p=4481"},"modified":"2023-03-02T12:26:49","modified_gmt":"2023-03-02T12:26:49","slug":"le-premier-ministre-rencontre-les-eleveurs-les-investisseurs-et-les-partenaires-de-lelevage","status":"publish","type":"post","link":"https:\/\/ladepeche.mr\/?p=4481","title":{"rendered":"Le premier ministre rencontre les \u00e9leveurs, les investisseurs et les partenaires de l\u2019\u00c9levage"},"content":{"rendered":"<p>Le Premier ministre, M. Mohamed Ould Bilal Messoud a tenu mercredi \u00e0 N\u00e9ma une r\u00e9union avec les membres de la F\u00e9d\u00e9ration Nationale des Eleveurs et avec les investisseurs ainsi que les partenaires intervenant dans le secteur de l\u2019Elevage.<\/p>\n<p>Au cours de cette r\u00e9union, il a \u00e9t\u00e9 question de la situation du secteur au niveau national et en particulier dans le Hodh Charghi.<\/p>\n<p>Les diff\u00e9rents ministres pr\u00e9sents \u00e0 cette r\u00e9union ont r\u00e9pondu, chacun en ce qui le concerne, aux questions soulev\u00e9es durant les d\u00e9bats.<\/p>\n<p>Une commission technique a \u00e9t\u00e9 charg\u00e9e de r\u00e9diger un rapport traitant les diff\u00e9rents probl\u00e8mes soulev\u00e9s et pr\u00e9conisant les solutions appropri\u00e9es qui devraient \u00eatre d\u00e9cid\u00e9es par une commission interminist\u00e9rielle qui sera bient\u00f4t mise sur pied.<br \/>\nOnt pris part \u00e0 cette r\u00e9union, en plus du ministre de l\u2019\u00c9levage, le wali du Hodh Charghi, les ministres des Finances; de l\u2019Agriculture; de l\u2019Habitat, de l\u2019Urbanisme et de l\u2019Am\u00e9nagement du territoire; de l\u2019Hydraulique et de l\u2019Assainissement; la ministre de l\u2019Environnement et du D\u00e9veloppement durable, le ministre secr\u00e9taire g\u00e9n\u00e9ral du gouvernement, des membres du cabinet du Premier ministre, le premier vice-pr\u00e9sident de l\u2019Union Nationale du Patronat Mauritanien, des responsables du minist\u00e8re de l\u2019\u00c9levage.<br \/>\nAmi<\/p>\n","protected":false},"excerpt":{"rendered":"<p>Le Premier ministre, M. Mohamed Ould Bilal Messoud a tenu mercredi \u00e0 N\u00e9ma une r\u00e9union avec les membres de la F\u00e9d\u00e9ration Nationale des Eleveurs et avec les investisseurs ainsi que les partenaires intervenant dans le secteur de l\u2019Elevage. Au cours de cette r\u00e9union, il a \u00e9t\u00e9 question de la situation du secteur au niveau national &hellip;<\/p>\n","protected":false},"author":2,"featured_media":4482,"comment_status":"open","ping_status":"open","sticky":false,"template":"","format":"standard","meta":{"footnotes":""},"categories":[18,2],"tags":[],"class_list":["post-4481","post","type-post","status-publish","format-standard","has-post-thumbnail","hentry","category-actualites","category-economie"],"_links":{"self":[{"href":"https:\/\/ladepeche.mr\/index.php?rest_route=\/wp\/v2\/posts\/4481","targetHints":{"allow":["GET"]}}],"collection":[{"href":"https:\/\/ladepeche.mr\/index.php?rest_route=\/wp\/v2\/posts"}],"about":[{"href":"https:\/\/ladepeche.mr\/index.php?rest_route=\/wp\/v2\/types\/post"}],"author":[{"embeddable":true,"href":"https:\/\/ladepeche.mr\/index.php?rest_route=\/wp\/v2\/users\/2"}],"replies":[{"embeddable":true,"href":"https:\/\/ladepeche.mr\/index.php?rest_route=%2Fwp%2Fv2%2Fcomments&post=4481"}],"version-history":[{"count":1,"href":"https:\/\/ladepeche.mr\/index.php?rest_route=\/wp\/v2\/posts\/4481\/revisions"}],"predecessor-version":[{"id":4483,"href":"https:\/\/ladepeche.mr\/index.php?rest_route=\/wp\/v2\/posts\/4481\/revisions\/4483"}],"wp:featuredmedia":[{"embeddable":true,"href":"https:\/\/ladepeche.mr\/index.php?rest_route=\/wp\/v2\/media\/4482"}],"wp:attachment":[{"href":"https:\/\/ladepeche.mr\/index.php?rest_route=%2Fwp%2Fv2%2Fmedia&parent=4481"}],"wp:term":[{"taxonomy":"category","embeddable":true,"href":"https:\/\/ladepeche.mr\/index.php?rest_route=%2Fwp%2Fv2%2Fcategories&post=4481"},{"taxonomy":"post_tag","embeddable":true,"href":"https:\/\/ladepeche.mr\/index.php?rest_route=%2Fwp%2Fv2%2Ftags&post=4481"}],"curies":[{"name":"wp","href":"https:\/\/api.w.org\/{rel}","templated":true}]}}