{"id":4484,"date":"2023-03-02T12:31:59","date_gmt":"2023-03-02T12:31:59","guid":{"rendered":"https:\/\/ladepeche.mr\/?p=4484"},"modified":"2023-03-02T12:31:59","modified_gmt":"2023-03-02T12:31:59","slug":"italie-le-chef-de-larmee-mauritanienne-participe-a-une-conference-dafricom","status":"publish","type":"post","link":"https:\/\/ladepeche.mr\/?p=4484","title":{"rendered":"Italie : le chef de l\u2019arm\u00e9e mauritanienne participe \u00e0 une conf\u00e9rence d\u2019AFRICOM"},"content":{"rendered":"<p>Le chef d\u2019\u00e9tat-major g\u00e9n\u00e9ral des arm\u00e9es mauritaniennes le g\u00e9n\u00e9ral de division Mokhtar Bolle Chaabane, participe \u00e0 une conf\u00e9rence des chefs d&#8217;\u00e9tat-major des pays africains et du commandement militaire am\u00e9ricain en Afrique, AFRICOM, \u00e0 Rome en Italie.<\/p>\n<p>La conf\u00e9rence se d\u00e9roule en pr\u00e9sence du commandant de l&#8217;AFRICOM, le g\u00e9n\u00e9ral Michael Langley et du chef d&#8217;\u00e9tat-major interarm\u00e9es et des arm\u00e9es am\u00e9ricaines, le g\u00e9n\u00e9ral Mark A. Milley.<\/p>\n<p>En marge de la conf\u00e9rence, le chef des arm\u00e9es mauritaniennes a discut\u00e9 avec les chefs militaires am\u00e9ricains &#8220;des relations de coop\u00e9ration militaire entre la Mauritanie et les Etats-Unis d&#8217;Am\u00e9rique&#8221;.<\/p>\n<p>alkhbar.info<\/p>\n","protected":false},"excerpt":{"rendered":"<p>Le chef d\u2019\u00e9tat-major g\u00e9n\u00e9ral des arm\u00e9es mauritaniennes le g\u00e9n\u00e9ral de division Mokhtar Bolle Chaabane, participe \u00e0 une conf\u00e9rence des chefs d&#8217;\u00e9tat-major des pays africains et du commandement militaire am\u00e9ricain en Afrique, AFRICOM, \u00e0 Rome en Italie. La conf\u00e9rence se d\u00e9roule en pr\u00e9sence du commandant de l&#8217;AFRICOM, le g\u00e9n\u00e9ral Michael Langley et du chef d&#8217;\u00e9tat-major interarm\u00e9es &hellip;<\/p>\n","protected":false},"author":2,"featured_media":4485,"comment_status":"open","ping_status":"open","sticky":false,"template":"","format":"standard","meta":{"footnotes":""},"categories":[18,29],"tags":[],"class_list":["post-4484","post","type-post","status-publish","format-standard","has-post-thumbnail","hentry","category-actualites","category-monde"],"_links":{"self":[{"href":"https:\/\/ladepeche.mr\/index.php?rest_route=\/wp\/v2\/posts\/4484","targetHints":{"allow":["GET"]}}],"collection":[{"href":"https:\/\/ladepeche.mr\/index.php?rest_route=\/wp\/v2\/posts"}],"about":[{"href":"https:\/\/ladepeche.mr\/index.php?rest_route=\/wp\/v2\/types\/post"}],"author":[{"embeddable":true,"href":"https:\/\/ladepeche.mr\/index.php?rest_route=\/wp\/v2\/users\/2"}],"replies":[{"embeddable":true,"href":"https:\/\/ladepeche.mr\/index.php?rest_route=%2Fwp%2Fv2%2Fcomments&post=4484"}],"version-history":[{"count":1,"href":"https:\/\/ladepeche.mr\/index.php?rest_route=\/wp\/v2\/posts\/4484\/revisions"}],"predecessor-version":[{"id":4486,"href":"https:\/\/ladepeche.mr\/index.php?rest_route=\/wp\/v2\/posts\/4484\/revisions\/4486"}],"wp:featuredmedia":[{"embeddable":true,"href":"https:\/\/ladepeche.mr\/index.php?rest_route=\/wp\/v2\/media\/4485"}],"wp:attachment":[{"href":"https:\/\/ladepeche.mr\/index.php?rest_route=%2Fwp%2Fv2%2Fmedia&parent=4484"}],"wp:term":[{"taxonomy":"category","embeddable":true,"href":"https:\/\/ladepeche.mr\/index.php?rest_route=%2Fwp%2Fv2%2Fcategories&post=4484"},{"taxonomy":"post_tag","embeddable":true,"href":"https:\/\/ladepeche.mr\/index.php?rest_route=%2Fwp%2Fv2%2Ftags&post=4484"}],"curies":[{"name":"wp","href":"https:\/\/api.w.org\/{rel}","templated":true}]}}