{"id":4487,"date":"2023-03-02T14:29:48","date_gmt":"2023-03-02T14:29:48","guid":{"rendered":"https:\/\/ladepeche.mr\/?p=4487"},"modified":"2023-03-02T14:29:48","modified_gmt":"2023-03-02T14:29:48","slug":"le-g20-echoue-a-sentendre-sur-un-communique-commun","status":"publish","type":"post","link":"https:\/\/ladepeche.mr\/?p=4487","title":{"rendered":"Le G20 \u00e9choue \u00e0 s&#8217;entendre sur un communiqu\u00e9 commun"},"content":{"rendered":"<p>Le chef de la diplomatie russe Sergue\u00ef Lavrov a confirm\u00e9 jeudi qu&#8217;aucun communiqu\u00e9 commun ne verra le jour \u00e0 l&#8217;issue d&#8217;une r\u00e9union minist\u00e9rielle du G20 en Inde, fustigeant les pays occidentaux pour cet \u00e9chec.<br \/>\n\u00abLa d\u00e9claration (finale) a \u00e9t\u00e9 bloqu\u00e9e et le r\u00e9sultat de la discussion sera d\u00e9crit dans le r\u00e9sum\u00e9 dont parlera la pr\u00e9sidence indienne \u00bb, a indiqu\u00e9 devant la presse Sergue\u00ef Lavrov, selon une traduction en anglais.<\/p>\n<p>Les discussions sur le texte ont notamment \u00e9chou\u00e9 en raison de l&#8217;insistance de la Russie \u00e0 y faire figurer la n\u00e9cessit\u00e9 d&#8217;une enqu\u00eate \u00ab impartiale \u00bb, apr\u00e8s les explosions qui ont endommag\u00e9 en septembre les gazoducs russes Nord Stream 1 et 2 en mer Baltique. Les pays occidentaux et la Russie se rejettent la responsabilit\u00e9.<\/p>\n<p>Mais les enqu\u00eates men\u00e9es jusqu&#8217;\u00e0 pr\u00e9sent par les autorit\u00e9s su\u00e9doises, danoises et allemandes n&#8217;ont pas permis d&#8217;imputer la responsabilit\u00e9 \u00e0 un pays ou \u00e0 un acteur en particulier.<\/p>\n<p>\u00ab Nous parlons de bonnes mani\u00e8res. Eh bien, nos homologues occidentaux sont devenus tr\u00e8s mauvais en la mati\u00e8re. Ils ne pensent plus \u00e0 la diplomatie, ils ne font que du chantage et menacer tout le monde \u00bb, a affirm\u00e9 Sergue\u00ef Lavrov aux journalistes.<\/p>\n<p>Maintenir la pression sur la Russie<br \/>\nLes \u00c9tats-Unis et leurs alli\u00e9s europ\u00e9ens ont exhort\u00e9 les pays du G20 \u00e0 maintenir la pression sur Moscou pour mettre fin au conflit en Ukraine qui, selon eux, a d\u00e9stabilis\u00e9 le monde. La Russie a de son c\u00f4t\u00e9 accus\u00e9 l&#8217;Occident de transformer l&#8217;ordre du jour du G20 en \u00ab farce \u00bb et a d\u00e9clar\u00e9 que les d\u00e9l\u00e9gations occidentales voulaient rejeter la responsabilit\u00e9 de leurs \u00e9checs \u00e9conomiques sur Moscou.<\/p>\n<p>La guerre que la Russie m\u00e8ne en Ukraine depuis un an reste au centre de la r\u00e9union des ministres des Affaires \u00e9trang\u00e8res du G20 r\u00e9unis \u00e0 New Delhi. La Russie d\u00e9crit son action en Ukraine comme une \u00ab op\u00e9ration militaire sp\u00e9ciale \u00bb visant \u00e0 \u00e9liminer les menaces \u00e0 la s\u00e9curit\u00e9. \u00ab Nous devons continuer \u00e0 appeler la Russie \u00e0 mettre fin \u00e0 sa guerre d&#8217;agression et \u00e0 se retirer de l&#8217;Ukraine au nom de la paix internationale et de la stabilit\u00e9 \u00e9conomique \u00bb, a d\u00e9clar\u00e9 aux journaliste le secr\u00e9taire d&#8217;\u00c9tat am\u00e9ricain Antony Blinken, apr\u00e8s son discours lors de la r\u00e9union \u00e0 huis clos.<br \/>\nLire la suite sur: https:\/\/www.rfi.fr\/fr\/monde\/20230302-le-g20-%C3%A9choue-%C3%A0-s-entendre-sur-un-communiqu%C3%A9-commun<\/p>\n","protected":false},"excerpt":{"rendered":"<p>Le chef de la diplomatie russe Sergue\u00ef Lavrov a confirm\u00e9 jeudi qu&#8217;aucun communiqu\u00e9 commun ne verra le jour \u00e0 l&#8217;issue d&#8217;une r\u00e9union minist\u00e9rielle du G20 en Inde, fustigeant les pays occidentaux pour cet \u00e9chec. \u00abLa d\u00e9claration (finale) a \u00e9t\u00e9 bloqu\u00e9e et le r\u00e9sultat de la discussion sera d\u00e9crit dans le r\u00e9sum\u00e9 dont parlera la pr\u00e9sidence &hellip;<\/p>\n","protected":false},"author":2,"featured_media":4488,"comment_status":"open","ping_status":"open","sticky":false,"template":"","format":"standard","meta":{"footnotes":""},"categories":[18,29],"tags":[],"class_list":["post-4487","post","type-post","status-publish","format-standard","has-post-thumbnail","hentry","category-actualites","category-monde"],"_links":{"self":[{"href":"https:\/\/ladepeche.mr\/index.php?rest_route=\/wp\/v2\/posts\/4487","targetHints":{"allow":["GET"]}}],"collection":[{"href":"https:\/\/ladepeche.mr\/index.php?rest_route=\/wp\/v2\/posts"}],"about":[{"href":"https:\/\/ladepeche.mr\/index.php?rest_route=\/wp\/v2\/types\/post"}],"author":[{"embeddable":true,"href":"https:\/\/ladepeche.mr\/index.php?rest_route=\/wp\/v2\/users\/2"}],"replies":[{"embeddable":true,"href":"https:\/\/ladepeche.mr\/index.php?rest_route=%2Fwp%2Fv2%2Fcomments&post=4487"}],"version-history":[{"count":1,"href":"https:\/\/ladepeche.mr\/index.php?rest_route=\/wp\/v2\/posts\/4487\/revisions"}],"predecessor-version":[{"id":4489,"href":"https:\/\/ladepeche.mr\/index.php?rest_route=\/wp\/v2\/posts\/4487\/revisions\/4489"}],"wp:featuredmedia":[{"embeddable":true,"href":"https:\/\/ladepeche.mr\/index.php?rest_route=\/wp\/v2\/media\/4488"}],"wp:attachment":[{"href":"https:\/\/ladepeche.mr\/index.php?rest_route=%2Fwp%2Fv2%2Fmedia&parent=4487"}],"wp:term":[{"taxonomy":"category","embeddable":true,"href":"https:\/\/ladepeche.mr\/index.php?rest_route=%2Fwp%2Fv2%2Fcategories&post=4487"},{"taxonomy":"post_tag","embeddable":true,"href":"https:\/\/ladepeche.mr\/index.php?rest_route=%2Fwp%2Fv2%2Ftags&post=4487"}],"curies":[{"name":"wp","href":"https:\/\/api.w.org\/{rel}","templated":true}]}}