{"id":4490,"date":"2023-03-02T14:36:06","date_gmt":"2023-03-02T14:36:06","guid":{"rendered":"https:\/\/ladepeche.mr\/?p=4490"},"modified":"2023-03-02T14:36:24","modified_gmt":"2023-03-02T14:36:24","slug":"communique-de-presse-lindice-de-pauvrete-multidimensionnelle-de-la-mauritanie-ipm-m-une-mesure-complementaire-de-la-pauvrete-pour-refleter-les-multiples-privations-de-la-population-en","status":"publish","type":"post","link":"https:\/\/ladepeche.mr\/?p=4490","title":{"rendered":"Communiqu\u00e9 de presse :  L\u2019Indice de Pauvret\u00e9 Multidimensionnelle de la Mauritanie (IPM-M) : une mesure compl\u00e9mentaire de la pauvret\u00e9, pour refl\u00e9ter les multiples privations de la population en termes d\u2019\u00e9ducation, sant\u00e9, conditions de vie et emploi"},"content":{"rendered":"<p>Nouakchott, Mauritanie \u2013 1er Mars 2023 \u2013 Lancement de l\u2019indice de pauvret\u00e9 multidimensionnelle (IPM-M) pour suivre les progr\u00e8s du pays en mati\u00e8re d&#8217;\u00e9radication du ph\u00e9nom\u00e8ne de la pauvret\u00e9. L\u2019IPM-M offre une compr\u00e9hension plus compl\u00e8te de la pauvret\u00e9 au-del\u00e0 du revenu et examine une s\u00e9rie de privations auxquelles les populations sont confront\u00e9es en mati\u00e8re de sant\u00e9, d&#8217;\u00e9ducation, d\u2019emploi et de conditions de vie.<br \/>\nEn Mauritanie, 2,3 millions de personnes, soit 56,9% de la population ou encore six personnes sur dix, vivent en situation de pauvret\u00e9 multidimensionnelle. Ces personnes pauvres sont priv\u00e9es en moyenne de 56,3% des indicateurs pond\u00e9r\u00e9es en mati\u00e8re d\u2019\u00e9ducation, de sant\u00e9, de conditions de vie et d\u2019emploi. Les enfants de 0 \u00e0 17 ans, qui repr\u00e9sentent plus de la moiti\u00e9 (50,7%) de la population mauritanienne, constituent le groupe d&#8217;\u00e2ge le plus pauvre : 61,9% d\u2019entre eux vit en situation de pauvret\u00e9 multidimensionnelle et la valeur de leur IPM-M est de 0,352, le plus \u00e9lev\u00e9 parmi toutes tranches d\u2019\u00e2ges. Environ 1,3 millions de personnes pauvres en Mauritanie sont des enfants, ce qui correspond \u00e0 plus de la moiti\u00e9 de la population pauvre du pays. Les zones rurales sont des poches de pauvret\u00e9 qui requi\u00e8rent l&#8217;attention des pouvoirs publics, car pr\u00e8s de huit personnes sur dix (77,1 %) vivent dans la pauvret\u00e9 multidimensionnelle. De r\u00e9elles disparit\u00e9s sont constat\u00e9es dans le niveau de la pauvret\u00e9 multidimensionnelle mesur\u00e9e par l\u2019IPM-M entre les Wilayas, qui varie de 0,122 \u00e0 Tirs Zemmour (Wilaya le moins pauvre) \u00e0 0,577 \u00e0 Guidimagha (Wilaya le plus pauvre). <\/p>\n<p>L\u2019IPM-M a \u00e9t\u00e9 \u00e9labor\u00e9 gr\u00e2ce \u00e0 un partenariat entre l\u2019ANSADE, l\u2019UNICEF et l\u2019Oxford Poverty &#038; Human Development Initiative (OPHI). Le processus de construction de l\u2019IPM-M \u00e9tait men\u00e9 par un comit\u00e9 de pilotage multisectoriel inclusif comprenant les d\u00e9partements clefs en charge de la lutte contre la pauvret\u00e9 et la promotion du d\u00e9veloppement durable.<br \/>\nLes travaux du comit\u00e9 de pilotage ont permis de contextualiser le choix des dimensions et indicateurs de l\u2019IPM pour la Mauritanie (IPM-M), en utilisant les donn\u00e9es de l\u2019Enqu\u00eate Permanente de Conditions de Vie des M\u00e9nages (EPCV, 2019). En lien avec la vision prospective du d\u00e9veloppement du pays, les strat\u00e9gies nationales et sectorielles ainsi que les engagements d\u00e9finis \u00e0 travers les agendas internationaux (ODD 2015, Agenda UA 2063), 19 indicateurs regroup\u00e9s dans 4 dimensions ont \u00e9t\u00e9 retenus pour le calcul de l\u2019IPM-M.<br \/>\nL\u2019IPM-M fournit une image plus compl\u00e8te de la pauvret\u00e9 en Mauritanie. Il permet de d\u00e9terminer les lieux et les groupes de population qui sont les plus touch\u00e9s par la pauvret\u00e9, ainsi que la contribution des diff\u00e9rentes dimensions \u00e0 la vuln\u00e9rabilit\u00e9 des populations, afin d\u2019apporter des orientations strat\u00e9giques pour ne laisser personne pour compte et r\u00e9duire ainsi la pauvret\u00e9 et les in\u00e9galit\u00e9s.<br \/>\nAinsi, l\u2019IPM-M ne remplace pas la mesure de pauvret\u00e9 mon\u00e9taire mais la compl\u00e8te pour mieux cibler les actions publiques pour \u00e9radiquer la pauvret\u00e9 dans toutes ses formes. La mesure de la pauvret\u00e9 multidimensionnelle est essentielle pour mieux orienter les strat\u00e9gies, politiques et programmes qui s&#8217;attaquent \u00e0 diff\u00e9rents aspects de la pauvret\u00e9 et am\u00e9liorer le ciblage des populations les plus vuln\u00e9rables.<\/p>\n<p>Lors du lancement, le Secr\u00e9taire G\u00e9n\u00e9ral du Minist\u00e8re des Affaires Economiques de la Promotion du Secteur Productif (MAEPSP), Monsieur Yaghoub OULD Ahmed Aicha a d\u00e9clar\u00e9 que : &#8220;la lutte contre la pauvret\u00e9, les in\u00e9galit\u00e9s et les discriminations constituent une priorit\u00e9 dans nos politiques \u00e9conomiques et sociales.<br \/>\nLa Strat\u00e9gie Nationale de Croissance Acc\u00e9l\u00e9r\u00e9e et de Prosp\u00e9rit\u00e9 Partag\u00e9e (SCAPP-2016-2030) et le Programme Prioritaire Elargi du Pr\u00e9sident de la R\u00e9publique (ProPEP), en phase avec les cibles des Objectifs de D\u00e9veloppement Durables (ODD 2015-2030), visent \u00e0 \u00ab \u00e9liminer compl\u00e8tement l\u2019extr\u00eame pauvret\u00e9 dans le pays et r\u00e9duire de moiti\u00e9, au moins, la proportion des hommes, femmes et enfants de tous \u00e2ges vivant dans la pauvret\u00e9 dans toutes ses dimensions, d\u2019ici 2030 &#8220;.<br \/>\nL&#8217;IPM-M sera mis \u00e0 jour tous les quatre ans \u00e0 l\u2019occasion de la conduite de l\u2019EPCV afin de suivre les progr\u00e8s r\u00e9alis\u00e9s dans la r\u00e9duction de la pauvret\u00e9 et de fournir des indications sur l&#8217;efficacit\u00e9 des politiques et des programmes gouvernementaux.<br \/>\nLe d\u00e9veloppement de l&#8217;IPM-M est une contribution importante \u00e0 la mise en place d&#8217;un outil de suivi de la SCAPP et des objectifs mondiaux (ODD 2015-2030) et particuli\u00e8rement la cible 1.2 et l\u2019indicateur 1.2.2 qui vise \u00e0 \u00ab r\u00e9duire de moiti\u00e9 au moins la proportion d&#8217;hommes, de femmes et d&#8217;enfants de tous \u00e2ges vivant dans une situation de pauvret\u00e9 sous toutes ses formes, telles que d\u00e9finies par chaque pays \u00bb.<br \/>\nSource Unicef<\/p>\n","protected":false},"excerpt":{"rendered":"<p>Nouakchott, Mauritanie \u2013 1er Mars 2023 \u2013 Lancement de l\u2019indice de pauvret\u00e9 multidimensionnelle (IPM-M) pour suivre les progr\u00e8s du pays en mati\u00e8re d&#8217;\u00e9radication du ph\u00e9nom\u00e8ne de la pauvret\u00e9. L\u2019IPM-M offre une compr\u00e9hension plus compl\u00e8te de la pauvret\u00e9 au-del\u00e0 du revenu et examine une s\u00e9rie de privations auxquelles les populations sont confront\u00e9es en mati\u00e8re de sant\u00e9, &hellip;<\/p>\n","protected":false},"author":2,"featured_media":0,"comment_status":"open","ping_status":"open","sticky":false,"template":"","format":"standard","meta":{"footnotes":""},"categories":[18,2],"tags":[],"class_list":["post-4490","post","type-post","status-publish","format-standard","hentry","category-actualites","category-economie"],"_links":{"self":[{"href":"https:\/\/ladepeche.mr\/index.php?rest_route=\/wp\/v2\/posts\/4490","targetHints":{"allow":["GET"]}}],"collection":[{"href":"https:\/\/ladepeche.mr\/index.php?rest_route=\/wp\/v2\/posts"}],"about":[{"href":"https:\/\/ladepeche.mr\/index.php?rest_route=\/wp\/v2\/types\/post"}],"author":[{"embeddable":true,"href":"https:\/\/ladepeche.mr\/index.php?rest_route=\/wp\/v2\/users\/2"}],"replies":[{"embeddable":true,"href":"https:\/\/ladepeche.mr\/index.php?rest_route=%2Fwp%2Fv2%2Fcomments&post=4490"}],"version-history":[{"count":2,"href":"https:\/\/ladepeche.mr\/index.php?rest_route=\/wp\/v2\/posts\/4490\/revisions"}],"predecessor-version":[{"id":4492,"href":"https:\/\/ladepeche.mr\/index.php?rest_route=\/wp\/v2\/posts\/4490\/revisions\/4492"}],"wp:attachment":[{"href":"https:\/\/ladepeche.mr\/index.php?rest_route=%2Fwp%2Fv2%2Fmedia&parent=4490"}],"wp:term":[{"taxonomy":"category","embeddable":true,"href":"https:\/\/ladepeche.mr\/index.php?rest_route=%2Fwp%2Fv2%2Fcategories&post=4490"},{"taxonomy":"post_tag","embeddable":true,"href":"https:\/\/ladepeche.mr\/index.php?rest_route=%2Fwp%2Fv2%2Ftags&post=4490"}],"curies":[{"name":"wp","href":"https:\/\/api.w.org\/{rel}","templated":true}]}}