{"id":4494,"date":"2023-03-03T11:01:25","date_gmt":"2023-03-03T11:01:25","guid":{"rendered":"https:\/\/ladepeche.mr\/?p=4494"},"modified":"2023-03-03T11:01:25","modified_gmt":"2023-03-03T11:01:25","slug":"au-conseil-des-ministres-dimportantes-mesures-ont-ete-prises-pour-la-redynamisation-des-secteurs-de-lagriculture-et-de-lelevage","status":"publish","type":"post","link":"https:\/\/ladepeche.mr\/?p=4494","title":{"rendered":"Au Conseil des Ministres: d\u2019importantes mesures ont \u00e9t\u00e9 prises pour la redynamisation des secteurs de l\u2019agriculture et de l\u2019\u00e9levage"},"content":{"rendered":"<p>Le Conseil des Ministres s\u2019est r\u00e9uni, jeudi 02 mars 2023, \u00e0 N\u00e9ma, sous la Pr\u00e9sidence de Son Excellence Monsieur le Pr\u00e9sident de la R\u00e9publique, Mohamed Ould Cheikh El-Ghazouani.<\/p>\n<p>Le Conseil a examin\u00e9 et adopt\u00e9 les projets de d\u00e9cret suivants :<\/p>\n<p>\u2010 Projet de d\u00e9cret portant cr\u00e9ation, organisation et fonctionnement d\u2019un Etablissement public \u00e0 caract\u00e8re administratif d\u00e9nomm\u00e9 \u00ab Centre Hospitalier de Bassiknou \u00bb.<\/p>\n<p>La cr\u00e9ation du Centre Hospitalier de Bassiknou s\u2019inscrit dans le cadre des efforts poursuivis par le Gouvernement en vue d\u2019am\u00e9liorer les conditions de sant\u00e9 des populations de la zone. Elle a pour objectif de rapprocher et d\u2019offrir des soins de qualit\u00e9 \u00e0 une population de 120.000 habitants;<\/p>\n<p>\u2010 Projet de d\u00e9cret d\u00e9terminant les modalit\u00e9s de constitution et de fonctionnement des organisations socioprofessionnelles de gestion des infrastructures agropastorales;<\/p>\n<p>Le pr\u00e9sent projet de d\u00e9cret fixe les modalit\u00e9s de constitution et de fonctionnement des associations de gestion des infrastructures agropastorales publiques, afin qu\u2019elles contribuent de mani\u00e8re efficace \u00e0 la protection et \u00e0 la rentabilisation des milliers d\u2019infrastructures agropastorales que l\u2019Etat et les autres collectivit\u00e9s publiques r\u00e9alisent dans l\u2019int\u00e9r\u00eat des communaut\u00e9s rurales.<\/p>\n<p>\u2010 Projet de d\u00e9cret d\u00e9finissant les modalit\u00e9s de contractualisation entre l\u2019Etat et les organisations socioprofessionnelles de gestion des infrastructures agropastorales.<\/p>\n<p>Ce projet de d\u00e9cret d\u00e9crit les conditions dans lesquelles, en application de l\u2019article 65 de la loi d\u2019Orientation agropastorale, ont \u00e9t\u00e9 fix\u00e9es les modalit\u00e9s de contractualisation entre l\u2019Etat et les organisations socioprofessionnelles pour la gestion des infrastructures agropastorales publiques. Il vient combler un vide juridique de contractualisation entre les collectivit\u00e9s publiques et les organisations locales pour la gestion d\u00e9l\u00e9gu\u00e9e des infrastructures agropastorales publiques et permettre d\u2019assurer, \u00e0 l\u2019avenir, l\u2019entretien, la pr\u00e9servation et la rentabilit\u00e9 des investissements publics.<\/p>\n<p>Abordant les r\u00e9sultats de la visite de travail effectu\u00e9e par SEM le Pr\u00e9sident de la R\u00e9publique le jeudi 02 mars 2023 \u00e0 N\u00e9ma, Wilaya du Hodh Echargui, le Conseil des Ministres adresse ses remerciements et ses vives f\u00e9licitations aux populations de cette Wilaya, en g\u00e9n\u00e9ral, et celles de N\u00e9ma, en particulier, pour la grande mobilisation et la chaleur de l\u2019accueil r\u00e9serv\u00e9 \u00e0 SEM le Pr\u00e9sident de la R\u00e9publique et \u00e0 son Gouvernement, qui l\u2019a accompagn\u00e9 au cours de cette visite.<\/p>\n<p>Au cours de cette visite, et dans l\u2019optique de rapprocher l\u2019administration des administr\u00e9s, un conseil des ministres d\u00e9localis\u00e9 s\u2019est tenu. A l\u2019issue de ce conseil, d\u2019importantes mesures ont \u00e9t\u00e9 prises pour la redynamisation des secteurs de l\u2019agriculture et de l\u2019\u00e9levage.<\/p>\n<p>Le Ministre des Affaires Etrang\u00e8res, de la Coop\u00e9ration et des Mauritaniens de l\u2019Ext\u00e9rieur a pr\u00e9sent\u00e9 une communication relative \u00e0 la situation internationale.<\/p>\n<p>Le Ministre de l\u2019Int\u00e9rieur et de la D\u00e9centralisation a pr\u00e9sent\u00e9 une communication relative \u00e0 la situation int\u00e9rieure.<\/p>\n<p>Le Ministre de l\u2019Elevage a pr\u00e9sent\u00e9 les deux communications suivantes :<\/p>\n<p>\u2010 Communication relative \u00e0 l\u2019\u00e9tat des lieux et les perspectives du secteur de l\u2019\u00e9levage.<\/p>\n<p>Cette communication vise \u00e0 pr\u00e9senter l\u2019\u00e9tat des lieux et les perspectives du secteur de l\u2019\u00e9levage, et \u00e0 d\u00e9gager les meilleures pistes \u00e0 suivre pour assurer sa relance.<\/p>\n<p>Le secteur de l\u2019\u00e9levage contribue \u00e0 environ 9,8% au PIB national et constitue le 2\u00e8me pourvoyeur d\u2019emplois (11 % de la population active). Il joue un r\u00f4le essentiel dans la s\u00e9curit\u00e9 alimentaire des populations.<\/p>\n<p>Pour soutenir le d\u00e9veloppement et la modernisation du secteur de l\u2019\u00e9levage, les actions suivantes ont \u00e9t\u00e9 approuv\u00e9es :<\/p>\n<p>\u2010 Restructurer et redynamiser les \u00e9tablissements publics relevant du d\u00e9partement de I\u2019\u00e9levage ;<\/p>\n<p>\u2010 Etudier les modalit\u00e9s d\u2019all\u00e8gement des taxes du mat\u00e9riel et des \u00e9quipements \u00e0 usage exclusif au niveau du secteur de I\u2019\u00e9levage ;<\/p>\n<p>\u2010 Mettre en place une politique de subvention ad\u00e9quate ;<\/p>\n<p>\u2010 Mettre en place des p\u00f4les int\u00e9gr\u00e9s de d\u00e9veloppement de l\u2019\u00e9levage.<\/p>\n<p>\u2010 Une communication relative au plan de r\u00e9habilitation et de relance de la Soci\u00e9t\u00e9 Mauritanienne des Produits Laitiers (SMPL).<\/p>\n<p>Cette communication vise \u00e0 pr\u00e9senter l\u2019\u00e9tat des lieux et le plan de r\u00e9habilitation et de relance de la Soci\u00e9t\u00e9 mauritanienne des produits laitiers. Dans ce cadre, il a \u00e9t\u00e9 d\u00e9cid\u00e9 de relancer les activit\u00e9s de la SMPL \u00e0 travers les actions suivantes :<\/p>\n<p>\u2010 La r\u00e9habilitation de I\u2019unit\u00e9 de production par l\u2019assainissement des finances, la r\u00e9vision de la gouvernance et le renforcement des capacit\u00e9s manag\u00e9riales pour s\u00e9curiser les performances de l\u2019entreprise ,<\/p>\n<p>\u2010 Le d\u00e9veloppement du bassin laitier, par la mise en \u0153uvre d\u2019un projet autonome, d\u00e9di\u00e9 aux activit\u00e9s de d\u00e9veloppement du bassin laitier de la SMPL, sur une p\u00e9riode de quatre ans, dont le co\u00fbt est estim\u00e9 \u00e0 40 millions de dollars.<br \/>\nAmi<\/p>\n","protected":false},"excerpt":{"rendered":"<p>Le Conseil des Ministres s\u2019est r\u00e9uni, jeudi 02 mars 2023, \u00e0 N\u00e9ma, sous la Pr\u00e9sidence de Son Excellence Monsieur le Pr\u00e9sident de la R\u00e9publique, Mohamed Ould Cheikh El-Ghazouani. Le Conseil a examin\u00e9 et adopt\u00e9 les projets de d\u00e9cret suivants : \u2010 Projet de d\u00e9cret portant cr\u00e9ation, organisation et fonctionnement d\u2019un Etablissement public \u00e0 caract\u00e8re administratif &hellip;<\/p>\n","protected":false},"author":2,"featured_media":4495,"comment_status":"open","ping_status":"open","sticky":false,"template":"","format":"standard","meta":{"footnotes":""},"categories":[18,2],"tags":[],"class_list":["post-4494","post","type-post","status-publish","format-standard","has-post-thumbnail","hentry","category-actualites","category-economie"],"_links":{"self":[{"href":"https:\/\/ladepeche.mr\/index.php?rest_route=\/wp\/v2\/posts\/4494","targetHints":{"allow":["GET"]}}],"collection":[{"href":"https:\/\/ladepeche.mr\/index.php?rest_route=\/wp\/v2\/posts"}],"about":[{"href":"https:\/\/ladepeche.mr\/index.php?rest_route=\/wp\/v2\/types\/post"}],"author":[{"embeddable":true,"href":"https:\/\/ladepeche.mr\/index.php?rest_route=\/wp\/v2\/users\/2"}],"replies":[{"embeddable":true,"href":"https:\/\/ladepeche.mr\/index.php?rest_route=%2Fwp%2Fv2%2Fcomments&post=4494"}],"version-history":[{"count":1,"href":"https:\/\/ladepeche.mr\/index.php?rest_route=\/wp\/v2\/posts\/4494\/revisions"}],"predecessor-version":[{"id":4496,"href":"https:\/\/ladepeche.mr\/index.php?rest_route=\/wp\/v2\/posts\/4494\/revisions\/4496"}],"wp:featuredmedia":[{"embeddable":true,"href":"https:\/\/ladepeche.mr\/index.php?rest_route=\/wp\/v2\/media\/4495"}],"wp:attachment":[{"href":"https:\/\/ladepeche.mr\/index.php?rest_route=%2Fwp%2Fv2%2Fmedia&parent=4494"}],"wp:term":[{"taxonomy":"category","embeddable":true,"href":"https:\/\/ladepeche.mr\/index.php?rest_route=%2Fwp%2Fv2%2Fcategories&post=4494"},{"taxonomy":"post_tag","embeddable":true,"href":"https:\/\/ladepeche.mr\/index.php?rest_route=%2Fwp%2Fv2%2Ftags&post=4494"}],"curies":[{"name":"wp","href":"https:\/\/api.w.org\/{rel}","templated":true}]}}