{"id":4497,"date":"2023-03-03T11:04:12","date_gmt":"2023-03-03T11:04:12","guid":{"rendered":"https:\/\/ladepeche.mr\/?p=4497"},"modified":"2023-03-03T13:57:53","modified_gmt":"2023-03-03T13:57:53","slug":"essor-de-lelevage-prendre-le-taureau-par-les-cornes","status":"publish","type":"post","link":"https:\/\/ladepeche.mr\/?p=4497","title":{"rendered":"Essor de l\u2019\u00e9levage : Prendre le taureau par les cornes"},"content":{"rendered":"<p>Comme l\u2019on pouvait s\u2019y attendre, la tenue du second conseil des ministres d\u00e9centralis\u00e9, \u00e0 N\u00e9ma, cette fois-ci, a \u00e9t\u00e9 focalis\u00e9e sur le secteur de l\u2019\u00e9levage, activit\u00e9 de pr\u00e9dilection dans toute la r\u00e9gion. Le gouvernement tente ainsi de faire l\u2019\u00e9tat des lieux du secteur de l\u2019\u00e9levage. Un secteur qui a, non seulement, souffert des mentalit\u00e9s de ses acteurs (\u00e9levage extensif) mais aussi des d\u00e9ficiences des politiques publiques et de mauvaise gouvernance du secteur.<br \/>\nC\u2019est donc pour inverser cette tendance \u00e0 l\u2019agonie d\u2019un secteur porteur que les autorit\u00e9s publiques, avec des partenaires techniques et financiers g\u00e9n\u00e9reux, tentent aujourd\u2019hui de relancer le secteur qui regorge de potentialit\u00e9s encore en friche. Malgr\u00e9 sa vuln\u00e9rabilit\u00e9, en raison des d\u00e9ficits hydriques et de difficult\u00e9s de p\u00e2turage, l\u2019\u00e9levage reste l\u2019activit\u00e9 agropastorale la plus importante dans toute la r\u00e9gion.<br \/>\nLes derni\u00e8res estimations du secteur de l\u2019\u00e9levage font \u00e9tat d\u2019un cheptel de 24 millions d\u2019animaux (bovins, camelins et petits ruminants) dont la croissance est \u00e9valu\u00e9e \u00e0 3.5pc. L\u2019importance du secteur qui occupe 11% de la population active et contribue pour 9% du PIB est donc une \u00e9vidence.<br \/>\nTout le monde se souvient, qu\u2019en avril 2021, le Pr\u00e9sident de la R\u00e9publique, Mohamed Ould Cheikh Ghazouani, lui-m\u00eame est descendu dans l\u2019ar\u00e8ne pour lancer, \u00e0 Timbedra, la premi\u00e8re \u00e9dition de la foire nationale des ressources animales. La veille de cette importante manifestation, le pr\u00e9sident avait m\u00eame annonc\u00e9 la mise en place d&#8217;un fonds pour la promotion du d\u00e9veloppement de l\u2019\u00e9levage avec un financement initial de huit milliards d&#8217;UM. L\u2019engagement personnel du pr\u00e9sident a, sans doute, servi comme d\u00e9clic aupr\u00e8s du secteur priv\u00e9 mauritanien qui a promis monts et merveilles.<br \/>\nL\u2019engagement des autorit\u00e9s politiques pour redynamiser ce secteur a tout de suite \u00e9t\u00e9 soutenu par des partenaires comme ceux de l\u2019Alliance Sahel ; appui obtenu lors de la r\u00e9union pour la mobilisation de financements ext\u00e9rieurs de la Strat\u00e9gie r\u00e9gionale de croissance acc\u00e9l\u00e9r\u00e9e et de prosp\u00e9rit\u00e9 partag\u00e9e (SCRAPP) du Hodh Ech Chargui. Le secteur de l\u2019\u00e9levage re\u00e7oit aussi le soutien du Projet R\u00e9gional d\u2019Appui au Pastoralisme au Sahel (PRAPS, aujourd\u2019hui \u00e0 sa seconde phase) que finance la Banque Mondiale.<br \/>\nL\u2019objectif vis\u00e9 par la foire de Timbedra est de favoriser l\u2019investissement dans le secteur de l\u2019\u00e9levage et ses diff\u00e9rentes fili\u00e8res. La promotion et la diversification de la production de lait notamment sont aussi des gages \u00e0 la s\u00e9curit\u00e9 alimentaire. Car, et rien que pour la fili\u00e8re lait, la Mauritanie continuerait d\u2019importer 60% de ses besoins en lait aupr\u00e8s de pays europ\u00e9ens.<br \/>\nC\u2019est donc dans cette perspective qu\u2019il faut peut-\u00eatre entrevoir la tentative de remettre en marche l\u2019usine de la Soci\u00e9t\u00e9 Mauritanie de Produits Laitiers de N\u00e9ma.<br \/>\nEn attendant le d\u00e9collage du secteur, l\u2019\u00e9mergence de l\u2019\u00e9levage tient encore \u00e0 des mesures d\u2019am\u00e9nagement et \u00abd\u2019all\u00e8gement de taxes sur les \u00e9quipements, \u00e0 une politique de subvention ad\u00e9quate et \u00e0 la mise en place des p\u00f4les int\u00e9gr\u00e9s de d\u00e9veloppement de l\u2019\u00e9levage\u00bb. Tout un programme. Combien de temps cela prendra-t-il encore pour qu\u2019enfin les conditions soient remplies ?<br \/>\nJD<\/p>\n","protected":false},"excerpt":{"rendered":"<p>Comme l\u2019on pouvait s\u2019y attendre, la tenue du second conseil des ministres d\u00e9centralis\u00e9, \u00e0 N\u00e9ma, cette fois-ci, a \u00e9t\u00e9 focalis\u00e9e sur le secteur de l\u2019\u00e9levage, activit\u00e9 de pr\u00e9dilection dans toute la r\u00e9gion. Le gouvernement tente ainsi de faire l\u2019\u00e9tat des lieux du secteur de l\u2019\u00e9levage. Un secteur qui a, non seulement, souffert des mentalit\u00e9s de &hellip;<\/p>\n","protected":false},"author":2,"featured_media":4498,"comment_status":"open","ping_status":"open","sticky":false,"template":"","format":"standard","meta":{"footnotes":""},"categories":[18,2],"tags":[],"class_list":["post-4497","post","type-post","status-publish","format-standard","has-post-thumbnail","hentry","category-actualites","category-economie"],"_links":{"self":[{"href":"https:\/\/ladepeche.mr\/index.php?rest_route=\/wp\/v2\/posts\/4497","targetHints":{"allow":["GET"]}}],"collection":[{"href":"https:\/\/ladepeche.mr\/index.php?rest_route=\/wp\/v2\/posts"}],"about":[{"href":"https:\/\/ladepeche.mr\/index.php?rest_route=\/wp\/v2\/types\/post"}],"author":[{"embeddable":true,"href":"https:\/\/ladepeche.mr\/index.php?rest_route=\/wp\/v2\/users\/2"}],"replies":[{"embeddable":true,"href":"https:\/\/ladepeche.mr\/index.php?rest_route=%2Fwp%2Fv2%2Fcomments&post=4497"}],"version-history":[{"count":3,"href":"https:\/\/ladepeche.mr\/index.php?rest_route=\/wp\/v2\/posts\/4497\/revisions"}],"predecessor-version":[{"id":4512,"href":"https:\/\/ladepeche.mr\/index.php?rest_route=\/wp\/v2\/posts\/4497\/revisions\/4512"}],"wp:featuredmedia":[{"embeddable":true,"href":"https:\/\/ladepeche.mr\/index.php?rest_route=\/wp\/v2\/media\/4498"}],"wp:attachment":[{"href":"https:\/\/ladepeche.mr\/index.php?rest_route=%2Fwp%2Fv2%2Fmedia&parent=4497"}],"wp:term":[{"taxonomy":"category","embeddable":true,"href":"https:\/\/ladepeche.mr\/index.php?rest_route=%2Fwp%2Fv2%2Fcategories&post=4497"},{"taxonomy":"post_tag","embeddable":true,"href":"https:\/\/ladepeche.mr\/index.php?rest_route=%2Fwp%2Fv2%2Ftags&post=4497"}],"curies":[{"name":"wp","href":"https:\/\/api.w.org\/{rel}","templated":true}]}}