{"id":4506,"date":"2023-03-03T11:56:58","date_gmt":"2023-03-03T11:56:58","guid":{"rendered":"https:\/\/ladepeche.mr\/?p=4506"},"modified":"2023-03-03T11:56:58","modified_gmt":"2023-03-03T11:56:58","slug":"m-olivier-varhelyi-engagement-direct-et-serieux-de-la-part-de-lue-envers-le-maroc","status":"publish","type":"post","link":"https:\/\/ladepeche.mr\/?p=4506","title":{"rendered":"M. Olivier V\u00e1rhelyi : Engagement &#8220;Direct et S\u00e9rieux&#8221; de la part de l\u2019UE envers le Maroc"},"content":{"rendered":"<p>Dans le cadre d\u2019une dynamique riche de r\u00e9unions et d\u2019interactions donnant lieu \u00e0 des accords de coop\u00e9ration concrets, \u00e0 tous les niveaux, entre la Maroc et l\u2019Union Europ\u00e9enne, le Commissaire europ\u00e9en \u00e0 la Politique de voisinage et d\u2019\u00e9largissement, Olivier V\u00e1rhelyi, a s\u00e9journ\u00e9, entre les 01 et 03 mars 2003, \u00e0 Rabat \u00e0 la t\u00eate d\u2019une importante d\u00e9l\u00e9gation.<br \/>\nIl s\u2019agit d\u2019une visite qui d\u00e9montre que les relations entre le Royaume et l\u2019Europe n\u2019ont jamais \u00e9t\u00e9 aussi fortes et diversifi\u00e9es, comme en t\u00e9moigne la r\u00e9cente visite \u00e0 Rabat du Chancelier F\u00e9d\u00e9ral autrichien, ou encore celle suivie de la tenue de la 17\u00e8me session de l\u2019Assembl\u00e9e Parlementaire.<br \/>\nApr\u00e8s tout, ce d\u00e9placement conforte aussi le Royaume, pays r\u00e9put\u00e9 \u00eatre un havre de paix et de stabilit\u00e9 y compris dans ses choix strat\u00e9giques, ce qui lui vaut d\u2019ailleurs les inimiti\u00e9s et les attaques continues de la part de ceux ayant du mal \u00e0 admettre son leadership en Afrique du Nord et sur le Continent Africain. Ce partenariat diversifi\u00e9, pionnier et approfondi avec le Maroc renseignera l\u2019UE sur ses aspirations avec le voisinage et servira forcement de model d\u2019une v\u00e9ritable r\u00e9ussite de sa politique.<br \/>\nM.Oliv\u00e9r V\u00e1rhelyi, lors d\u2019un point de presse tenu \u00e0 l\u2019issue de ses entretiens avec le ministre des Affaires \u00e9trang\u00e8res, de la Coop\u00e9ration africaine et des Marocains r\u00e9sidant \u00e0 l\u2019\u00e9tranger, Nasser Bourita, a mis l&#8217;accent sur &#8220;l\u2019extr\u00eame importance&#8221; de ce partenariat Maroc-UE.<br \/>\nLe Commissaire europ\u00e9en a soulign\u00e9 \u00e0 cet effet, que dans \u00ab ce contexte mondial marqu\u00e9 par de multiples d\u00e9fis, il n\u2019est pas \u00e9vident de trouver des partenaires stables comme le Maroc \u00bb, avant de pr\u00e9ciser que la signature par le Maroc et l\u2019UE de 05 programmes de coop\u00e9ration d&#8217;un montant total de 5,5 milliards de dirhams (pr\u00e8s de 500 millions d&#8217;euros) est une occasion pour appuyer les grands chantiers de r\u00e9forme du Royaume, ce qui confirme l\u2019engagement &#8220;direct et s\u00e9rieux&#8221; de la part de l\u2019Union envers le Maroc.<br \/>\nLa visite \u00e0 Rabat du Commissaire europ\u00e9en a \u00e9galement \u00e9t\u00e9 une opportunit\u00e9 d\u2019apporter davantage de substance \u00e0 cette relation avec la partie marocaine sans faillir au choix des programmes de financement, s\u2019articulant autour d\u2019importants axes de coop\u00e9ration \u00e0 savoir ; Programme KARAMA (Appui au Renforcement de la protection sociale)-130 millions d\u2019euros, Programme Terre Verte (Appui \u00e0 la transition verte) -115 millions d\u2019euros (y compris 15 millions d\u2019euros de la Facilit\u00e9 Alimentation et R\u00e9silience), Appui \u00e0 la R\u00e9forme de l\u2019Administration Public -50 millions d\u2019euros, Appui \u00e0 la Gestion des Migrations -152 million d\u2019euros et l\u2019Appui \u00e0 l\u2019Inclusion Financi\u00e8re (51 millions d\u2019euros).<br \/>\n&#8220;Avec l\u2019ensemble de nos engagements, nous changeons vraiment la nature et la profondeur de notre coop\u00e9ration&#8221;, s\u2019est-il r\u00e9joui, pr\u00e9cisant au passage que \u00ab les r\u00e9formes lanc\u00e9es au Maroc sont des r\u00e9formes ambitieuses proches des valeurs europ\u00e9ennes \u00bb, ce qui nous renseigne davantage sur la place de choix qu\u2019occupe le Royaume vis-\u00e0-vis de l\u2019Europe. Une place qui contraste-sans aucun doute- avec certains pays du voisinage imm\u00e9diat en proie au d\u00e9sordre, aux crises institutionnelles et aux soubresauts.<br \/>\nM. V\u00e1rhelyi a tenu \u00e0 pr\u00e9ciser que le Maroc est et sera un b\u00e9n\u00e9ficiaire majeur de l\u2019agenda de projets de l\u2019UE pour toute la r\u00e9gion, ajoutant que \u00ab cet appui financier porte sur les volets social, \u00e9conomique, agricole, hydrique et \u00e9nerg\u00e9tique, ce dernier \u00e9tant un secteur crucial \u00e0 l\u2019\u00e9chelle mondiale \u00bb.<br \/>\nC\u2019est ce genres de visites qui font la distinction entre une Europe cr\u00e9dible, s\u00e9rieuse et institutionnelle qui sait appr\u00e9cier le Maroc et ses atouts g\u00e9ostrat\u00e9giques \u00e0 leur juste valeur, contrairement aux d\u00e9tracteurs, aujourd\u2019hui, couverts de ridicule face \u00e0 la fluidit\u00e9 de leurs tentatives malheureuses de d\u00e9voyer des relations Maroc-Europe, fortes de r\u00e9alisations palpables, mais aussi de perspectives d\u2019avenir tr\u00e8s encourageantes.<br \/>\nM. V\u00e1rhelyi a fait savoir en outre que \u00ab le Royaume a le potentiel de devenir une source d\u2019\u00e9nergie non seulement pour la r\u00e9gion mais aussi pour l&#8217;Europe \u00bb, ajoutant que le march\u00e9 europ\u00e9en \u00ab est pr\u00eat \u00e0 recevoir de l\u2019\u00e9nergie en provenance du Maroc.<br \/>\nIl a \u00e9galement mis l\u2019accent sur l\u2019importance des autres domaines de coop\u00e9ration entre le Royaume et l\u2019UE, dont la migration et la lutte contre le terrorisme et les r\u00e9seaux criminels, composantes s\u00e9curitaires qui constituent un pilier important pour un partenariat diversifi\u00e9, pionnier et approfondi avec Rabat. Il renseignera forc\u00e9ment l\u2019UE sur ses aspirations avec le voisinage et servira de model d\u2019une v\u00e9ritable r\u00e9ussite de sa politique de voisinage.<br \/>\nS\u2019agissant de la reprise des relations avec Isra\u00ebl, M. V\u00e1rhelyi a fait part \u00ab de la volont\u00e9 de l\u2019UE de participer \u00e0 cette coop\u00e9ration qui permettra de relever les d\u00e9fis majeurs auxquels se heurte la r\u00e9gion, notamment la gestion de l\u2019eau \u00bb. Cette coop\u00e9ration trilat\u00e9rale, a-t-il estim\u00e9, permettra aussi de relever les d\u00e9fis en mati\u00e8re de recherche, de d\u00e9veloppement et de rapprochement entre les peuples.<br \/>\nAu moment o\u00f9 l\u2019Union Europ\u00e9enne s\u2019int\u00e9resse, comme le Maroc, \u00e0 convenir des \u00e9tapes \u00e0 venir et \u00e0 cr\u00e9er un climat de partenariat encore plus approfondi, certaines parties europ\u00e9ennes minoritaires tentent malheureusement d\u2019opposer \u00e0 la qualit\u00e9 et \u00e0 l\u2019in\u00e9luctabilit\u00e9 des relations entre le Maroc et l\u2019Europe, les coups bas, l\u2019intrigue politique et le complot discret.<br \/>\nEn tant que pays phare et pilier de stabilit\u00e9 dans la r\u00e9gion, le Commissaire europ\u00e9en a saisi l\u2019occasion pour f\u00e9liciter le Royaume pour sa sortie de la liste &#8220;grise&#8221; du Groupe d&#8217;Action Financi\u00e8re Internationale (GAFI), saluant ensuite cette coop\u00e9ration maroco-europ\u00e9enne ayant permis d\u2019atteindre ce r\u00e9sultat. Des d\u00e9clarations qui expliquent encore une fois que les multiples tentatives men\u00e9es par certaines parties isol\u00e9es n\u2019ont pas r\u00e9ussi \u00e0 polluer cette relation de partenariat Maroc-UE.<br \/>\nDeuxi\u00e8me du genre en moins d\u2019une ann\u00e9e, la visite de M. V\u00e1rhelyi au Maroc intervient dans le contexte de la mise en \u0153uvre de la D\u00e9claration politique conjointe, adopt\u00e9e en juin 2019, ayant institu\u00e9 le &#8220;Partenariat euro-marocain de Prosp\u00e9rit\u00e9 partag\u00e9e&#8221; qui s\u2019articule autour de quatre Espaces : politique et s\u00e9curit\u00e9; \u00c9conomique; valeurs; connaissances, et deux axes horizontaux : l\u2019Environnement et la migration.<br \/>\nElle s\u2019inscrit \u00e9galement dans le cadre des contacts r\u00e9guliers qu\u2019entretiennent les deux parties. Des Contacts illustr\u00e9s par la r\u00e9cente visite au Maroc du Haut Repr\u00e9sentant de l\u2019UE pour les Affaires \u00e9trang\u00e8res et la Politique de s\u00e9curit\u00e9 et Vice-pr\u00e9sident de la Commission europ\u00e9enne, Josep Borrell, en janvier 2023, ainsi que les pr\u00e9c\u00e9dents d\u00e9placements de six autres membres du Coll\u00e8ge des commissaires pour la seule ann\u00e9e 2022, dont la Pr\u00e9sidente de la Commission europ\u00e9enne, Ursula Von der Leyen.<br \/>\nC\u2019est dans ce cadre que cette dynamique de coop\u00e9ration vertueuse pr\u00e9voit la signature en 2023 de projets estim\u00e9s \u00e0 126 millions d\u2019euros et concerneront notamment les Programmes d\u2019appuis en \u00e9nergie verte &#8211; 50 millions d\u2019euros, l\u2019Enseignement Sup\u00e9rieur &#8211; 46 millions d\u2018euros, Projets culturels et cr\u00e9atifs &#8211; 10 millions d\u2019euros, la justice &#8211; 10 millions d\u2019euros (top-up) et le projet MEDUSA &#8211; 10 millions d\u2019euros visant \u00e0 renforcer la connectivit\u00e9 num\u00e9rique dans la r\u00e9gion m\u00e9diterran\u00e9enne entre 04 Pays d\u2019Afrique du Nord et 05 Pays europ\u00e9ens.<br \/>\nCes rencontres importantes se sont tenues dans le sillage de la R\u00e9union de Haut Niveau (RHN) maroco-espagnole qui est venue consolider l\u2019adh\u00e9sion du Royaume du Maroc et du Royaume d\u2019Espagne \u00e0 un processus renouvel\u00e9 de coop\u00e9ration bilat\u00e9rale, r\u00e9pondant \u00e0 la forte aspiration de SM le Roi Mohammed VI et SM le Roi F\u00e9lipe VI, pour \u00e9tablir solidement le partenariat strat\u00e9gique bilat\u00e9ral et traduire ses grandes orientations en feuille de route claire, au service des int\u00e9r\u00eats des deux peuples amis.<br \/>\n(Avec m\u00e9dias)<\/p>\n","protected":false},"excerpt":{"rendered":"<p>Dans le cadre d\u2019une dynamique riche de r\u00e9unions et d\u2019interactions donnant lieu \u00e0 des accords de coop\u00e9ration concrets, \u00e0 tous les niveaux, entre la Maroc et l\u2019Union Europ\u00e9enne, le Commissaire europ\u00e9en \u00e0 la Politique de voisinage et d\u2019\u00e9largissement, Olivier V\u00e1rhelyi, a s\u00e9journ\u00e9, entre les 01 et 03 mars 2003, \u00e0 Rabat \u00e0 la t\u00eate d\u2019une &hellip;<\/p>\n","protected":false},"author":2,"featured_media":4507,"comment_status":"open","ping_status":"open","sticky":false,"template":"","format":"standard","meta":{"footnotes":""},"categories":[18,29],"tags":[],"class_list":["post-4506","post","type-post","status-publish","format-standard","has-post-thumbnail","hentry","category-actualites","category-monde"],"_links":{"self":[{"href":"https:\/\/ladepeche.mr\/index.php?rest_route=\/wp\/v2\/posts\/4506","targetHints":{"allow":["GET"]}}],"collection":[{"href":"https:\/\/ladepeche.mr\/index.php?rest_route=\/wp\/v2\/posts"}],"about":[{"href":"https:\/\/ladepeche.mr\/index.php?rest_route=\/wp\/v2\/types\/post"}],"author":[{"embeddable":true,"href":"https:\/\/ladepeche.mr\/index.php?rest_route=\/wp\/v2\/users\/2"}],"replies":[{"embeddable":true,"href":"https:\/\/ladepeche.mr\/index.php?rest_route=%2Fwp%2Fv2%2Fcomments&post=4506"}],"version-history":[{"count":1,"href":"https:\/\/ladepeche.mr\/index.php?rest_route=\/wp\/v2\/posts\/4506\/revisions"}],"predecessor-version":[{"id":4508,"href":"https:\/\/ladepeche.mr\/index.php?rest_route=\/wp\/v2\/posts\/4506\/revisions\/4508"}],"wp:featuredmedia":[{"embeddable":true,"href":"https:\/\/ladepeche.mr\/index.php?rest_route=\/wp\/v2\/media\/4507"}],"wp:attachment":[{"href":"https:\/\/ladepeche.mr\/index.php?rest_route=%2Fwp%2Fv2%2Fmedia&parent=4506"}],"wp:term":[{"taxonomy":"category","embeddable":true,"href":"https:\/\/ladepeche.mr\/index.php?rest_route=%2Fwp%2Fv2%2Fcategories&post=4506"},{"taxonomy":"post_tag","embeddable":true,"href":"https:\/\/ladepeche.mr\/index.php?rest_route=%2Fwp%2Fv2%2Ftags&post=4506"}],"curies":[{"name":"wp","href":"https:\/\/api.w.org\/{rel}","templated":true}]}}