{"id":4513,"date":"2023-03-04T17:28:19","date_gmt":"2023-03-04T17:28:19","guid":{"rendered":"https:\/\/ladepeche.mr\/?p=4513"},"modified":"2023-03-04T17:28:19","modified_gmt":"2023-03-04T17:28:19","slug":"le-president-ghazouani-a-doha-pour-participer-a-la-cinquieme-conference-de-lonu-sur-les-pays-les-moins-avances","status":"publish","type":"post","link":"https:\/\/ladepeche.mr\/?p=4513","title":{"rendered":"Le pr\u00e9sident Ghazouani \u00e0 Doha pour participer \u00e0 la cinqui\u00e8me conf\u00e9rence de l&#8217;ONU sur les pays les moins avanc\u00e9s"},"content":{"rendered":"<p>Son Excellence le Pr\u00e9sident de la R\u00e9publique, M. Mohamed Ould Cheikh El Ghazouani, est arriv\u00e9, samedi, \u00e0 Doha (Qatar) o\u00f9 il doit participer au cinqui\u00e8me sommet des Nations Unies sur les Pays les Moins Avanc\u00e9s (PMA).<\/p>\n<p>A son arriv\u00e9e \u00e0 l\u2019a\u00e9roport international de Doha, Son Excellence le Pr\u00e9sident de la R\u00e9publique a \u00e9t\u00e9 accueilli par une d\u00e9l\u00e9gation qatarie de haut niveau, par le charg\u00e9 d\u2019affaires de l\u2019ambassade de Mauritanie au Qatar, M. Mohamed Ould Mohamedou, par le staff de l\u2019ambassade et par les repr\u00e9sentants de notre colonie dans ce pays fr\u00e8re.<br \/>\nAmi<\/p>\n","protected":false},"excerpt":{"rendered":"<p>Son Excellence le Pr\u00e9sident de la R\u00e9publique, M. Mohamed Ould Cheikh El Ghazouani, est arriv\u00e9, samedi, \u00e0 Doha (Qatar) o\u00f9 il doit participer au cinqui\u00e8me sommet des Nations Unies sur les Pays les Moins Avanc\u00e9s (PMA). A son arriv\u00e9e \u00e0 l\u2019a\u00e9roport international de Doha, Son Excellence le Pr\u00e9sident de la R\u00e9publique a \u00e9t\u00e9 accueilli par &hellip;<\/p>\n","protected":false},"author":2,"featured_media":4514,"comment_status":"open","ping_status":"open","sticky":false,"template":"","format":"standard","meta":{"footnotes":""},"categories":[18,29],"tags":[],"class_list":["post-4513","post","type-post","status-publish","format-standard","has-post-thumbnail","hentry","category-actualites","category-monde"],"_links":{"self":[{"href":"https:\/\/ladepeche.mr\/index.php?rest_route=\/wp\/v2\/posts\/4513","targetHints":{"allow":["GET"]}}],"collection":[{"href":"https:\/\/ladepeche.mr\/index.php?rest_route=\/wp\/v2\/posts"}],"about":[{"href":"https:\/\/ladepeche.mr\/index.php?rest_route=\/wp\/v2\/types\/post"}],"author":[{"embeddable":true,"href":"https:\/\/ladepeche.mr\/index.php?rest_route=\/wp\/v2\/users\/2"}],"replies":[{"embeddable":true,"href":"https:\/\/ladepeche.mr\/index.php?rest_route=%2Fwp%2Fv2%2Fcomments&post=4513"}],"version-history":[{"count":1,"href":"https:\/\/ladepeche.mr\/index.php?rest_route=\/wp\/v2\/posts\/4513\/revisions"}],"predecessor-version":[{"id":4515,"href":"https:\/\/ladepeche.mr\/index.php?rest_route=\/wp\/v2\/posts\/4513\/revisions\/4515"}],"wp:featuredmedia":[{"embeddable":true,"href":"https:\/\/ladepeche.mr\/index.php?rest_route=\/wp\/v2\/media\/4514"}],"wp:attachment":[{"href":"https:\/\/ladepeche.mr\/index.php?rest_route=%2Fwp%2Fv2%2Fmedia&parent=4513"}],"wp:term":[{"taxonomy":"category","embeddable":true,"href":"https:\/\/ladepeche.mr\/index.php?rest_route=%2Fwp%2Fv2%2Fcategories&post=4513"},{"taxonomy":"post_tag","embeddable":true,"href":"https:\/\/ladepeche.mr\/index.php?rest_route=%2Fwp%2Fv2%2Ftags&post=4513"}],"curies":[{"name":"wp","href":"https:\/\/api.w.org\/{rel}","templated":true}]}}