{"id":4520,"date":"2023-03-04T18:04:24","date_gmt":"2023-03-04T18:04:24","guid":{"rendered":"https:\/\/ladepeche.mr\/?p=4520"},"modified":"2023-03-04T18:06:55","modified_gmt":"2023-03-04T18:06:55","slug":"droits-de-lhomme-la-situation-des-droits-de-lhomme-en-mauritanie-est-confrontee-a-des-defis-mais-il-faut-louer-les-efforts-deployes-par-letat-pour-en-venir-a-bout-me-bouhoubeyni","status":"publish","type":"post","link":"https:\/\/ladepeche.mr\/?p=4520","title":{"rendered":"Droits de l&#8217;Homme: &#8220;La situation des droits de l&#8217;homme en Mauritanie est confront\u00e9e \u00e0 des d\u00e9fis, mais il faut louer les efforts d\u00e9ploy\u00e9s par l&#8217;\u00c9tat pour les surmonter&#8221; (Me Bouhoubeyni, pr\u00e9sident CNDH)"},"content":{"rendered":"<p>Le pr\u00e9sident de la Commission nationale des droits de l&#8217;Homme (CNDH), Me Ahmed Salem Ould Bouhoubeyni, recevant une d\u00e9l\u00e9gation multisectorielle des Etats-Unis d\u2019Am\u00e9rique , conduite par M. Osvaldo Gomez Martinez, a estim\u00e9 que &#8220;la situation des droits de l&#8217;homme en Mauritanie est confront\u00e9e \u00e0 des d\u00e9fis mais il faut louer les efforts d\u00e9ploy\u00e9s par l&#8217;\u00c9tat pour les surmonter&#8221; a-t-il encore martel\u00e9.<br \/>\nLa d\u00e9l\u00e9gation am\u00e9ricaine multisectorielle compos\u00e9e de repr\u00e9sentants des d\u00e9partements du Travail, des Affaires \u00e9trang\u00e8res, de la Justice, du Commerce et de l&#8217;USAID, conduite par l&#8217;adjoint au repr\u00e9sentant am\u00e9ricain pour les affaires africaines au bureau am\u00e9ricain au commerce, Osvaldo Gomez Martinez, avait \u00e9galement \u00e9t\u00e9 re\u00e7ue par les autorit\u00e9s politiques en charge des Droits de l\u2019homme, de l\u2019Action humanitaire et des relations avec la soci\u00e9t\u00e9 civile avec lesquelles a eu des r\u00e9unions de travail.<br \/>\nLa CNDH, rappelle-t-on, est une institution constitutionnelle consultative ind\u00e9pendante autonome charg\u00e9e d&#8217;observation, d&#8217;alerte, de m\u00e9diation et d&#8217;\u00e9valuation en mati\u00e8re de respect des Droits de l&#8217;Homme dans le pays. <\/p>\n","protected":false},"excerpt":{"rendered":"<p>Le pr\u00e9sident de la Commission nationale des droits de l&#8217;Homme (CNDH), Me Ahmed Salem Ould Bouhoubeyni, recevant une d\u00e9l\u00e9gation multisectorielle des Etats-Unis d\u2019Am\u00e9rique , conduite par M. Osvaldo Gomez Martinez, a estim\u00e9 que &#8220;la situation des droits de l&#8217;homme en Mauritanie est confront\u00e9e \u00e0 des d\u00e9fis mais il faut louer les efforts d\u00e9ploy\u00e9s par l&#8217;\u00c9tat &hellip;<\/p>\n","protected":false},"author":2,"featured_media":4523,"comment_status":"open","ping_status":"open","sticky":false,"template":"","format":"standard","meta":{"footnotes":""},"categories":[18],"tags":[],"class_list":["post-4520","post","type-post","status-publish","format-standard","has-post-thumbnail","hentry","category-actualites"],"_links":{"self":[{"href":"https:\/\/ladepeche.mr\/index.php?rest_route=\/wp\/v2\/posts\/4520","targetHints":{"allow":["GET"]}}],"collection":[{"href":"https:\/\/ladepeche.mr\/index.php?rest_route=\/wp\/v2\/posts"}],"about":[{"href":"https:\/\/ladepeche.mr\/index.php?rest_route=\/wp\/v2\/types\/post"}],"author":[{"embeddable":true,"href":"https:\/\/ladepeche.mr\/index.php?rest_route=\/wp\/v2\/users\/2"}],"replies":[{"embeddable":true,"href":"https:\/\/ladepeche.mr\/index.php?rest_route=%2Fwp%2Fv2%2Fcomments&post=4520"}],"version-history":[{"count":3,"href":"https:\/\/ladepeche.mr\/index.php?rest_route=\/wp\/v2\/posts\/4520\/revisions"}],"predecessor-version":[{"id":4525,"href":"https:\/\/ladepeche.mr\/index.php?rest_route=\/wp\/v2\/posts\/4520\/revisions\/4525"}],"wp:featuredmedia":[{"embeddable":true,"href":"https:\/\/ladepeche.mr\/index.php?rest_route=\/wp\/v2\/media\/4523"}],"wp:attachment":[{"href":"https:\/\/ladepeche.mr\/index.php?rest_route=%2Fwp%2Fv2%2Fmedia&parent=4520"}],"wp:term":[{"taxonomy":"category","embeddable":true,"href":"https:\/\/ladepeche.mr\/index.php?rest_route=%2Fwp%2Fv2%2Fcategories&post=4520"},{"taxonomy":"post_tag","embeddable":true,"href":"https:\/\/ladepeche.mr\/index.php?rest_route=%2Fwp%2Fv2%2Ftags&post=4520"}],"curies":[{"name":"wp","href":"https:\/\/api.w.org\/{rel}","templated":true}]}}