{"id":4531,"date":"2023-03-04T20:25:47","date_gmt":"2023-03-04T20:25:47","guid":{"rendered":"https:\/\/ladepeche.mr\/?p=4531"},"modified":"2023-03-04T20:25:47","modified_gmt":"2023-03-04T20:25:47","slug":"les-drones-de-conception-iranienne-fournis-au-polisario-une-menace-directe-pour-le-maroc","status":"publish","type":"post","link":"https:\/\/ladepeche.mr\/?p=4531","title":{"rendered":"Les drones de conception iranienne fournis au Polisario : Une &#8220;menace directe&#8221; pour le Maroc"},"content":{"rendered":"<p>Le Royaume du Maroc n&#8217;est plus seul pays \u00e0 mettre en garde contre les liens militaires av\u00e9r\u00e9s entre Alger et T\u00e9h\u00e9ran et leurs cons\u00e9quences pour l&#8217;Afrique du Nord et le Sahel. M\u00eame son de cloche de l&#8217;autre c\u00f4t\u00e9 de l&#8217;Atlantique pour condamner cette coop\u00e9ration militaire qui favorise l\u2019instabilit\u00e9 de la r\u00e9gion.<\/p>\n<p>Dans le \u00ab\u00a0Boston Herald\u00a0\u00bb, organe de presse am\u00e9ricain diffus\u00e9 \u00e0 Boston, l\u2019\u00e9ditorialiste am\u00e9ricain. Llewellyn King, a mis en garde contre la &#8220;menace directe&#8221; que repr\u00e9sentent pour le Maroc les drones iraniens fournis au Front Polisario via l&#8217;Alg\u00e9rie. Fin 2022, Rabat avait accus\u00e9 T\u00e9h\u00e9ran d&#8217;envoyer des drones au groupe s\u00e9paratiste sahraoui, qui, selon le ministre marocain des Affaires \u00e9trang\u00e8res, Nasser Bourita, d\u00e9stabilise \u2018\u2019l\u2019Afrique du Nord et de l\u2019Ouest\u2019\u2019. <\/p>\n<p>De son c\u00f4t\u00e9, Omar Hilal, ambassadeur du Maroc aupr\u00e8s des Nations unies, avait d\u00e9clar\u00e9 aussi que \u2018\u2019L&#8217;Iran, apr\u00e8s avoir sap\u00e9 la stabilit\u00e9 de la Syrie, du Y\u00e9men, de l&#8217;Irak et du Liban, est en train de stabiliser notre r\u00e9gion&#8221;. Et c\u2019est la raison pour laquelle le diplomate marocain avait assur\u00e9 que le Royaume  &#8220;n&#8217;est pas le seul concern\u00e9&#8221;, mais que c&#8217;est un d\u00e9fi qui concerne toute la r\u00e9gion.<\/p>\n<p>L\u2019analyse am\u00e9ricain note \u00e0 cet \u00e9gard que les diplomates marocains soul\u00e8vent cette question aupr\u00e8s des gouvernements occidentaux&#8221;, en affirmant que &#8220;le Maroc a des raisons d&#8217;\u00eatre inquiet&#8221;, car les drones peuvent causer des dommages mat\u00e9riels importants aux stations touristiques ainsi qu&#8217;aux installations militaires, aux r\u00e9seaux et aux centrales \u00e9lectriques, comme cela est arriv\u00e9 \u00e0 l&#8217;Arabie saoudite avec les drones, de confection iraniens, lanc\u00e9s par les milices Houthi depuis le Y\u00e9men. \u00a0<\/p>\n<p>Llewellyn King rappelle en outre que T\u00e9h\u00e9ran a commenc\u00e9 \u00e0 d\u00e9velopper de telles armes pendant la guerre Iran-Irak de 1980-1988. Selon lui, le r\u00e9gime de T\u00e9h\u00e9ran est pass\u00e9 de la cr\u00e9ation de simples drones efficaces uniquement pour la surveillance, au d\u00e9veloppement de g\u00e9n\u00e9rations de drones de plus en plus sophistiqu\u00e9s, grands et petits. Dans son article, King mentionne Ilan Berman, vice-pr\u00e9sident du Conseil de politique \u00e9trang\u00e8re des \u00c9tats-Unis. Selon Berman, le seul syst\u00e8me de d\u00e9fense efficace contre les drones est le D\u00f4me de Fer d&#8217;Isra\u00ebl, construit avec la technologie isra\u00e9lienne et financ\u00e9 par les Etats-Unis.<br \/>\nKing \u00e9crit que le Maroc pourrait demander un tel syst\u00e8me pour contrer les menaces de l&#8217;Iran maintenant qu&#8217;il est de nouveau en bons termes avec Isra\u00ebl.\u00a0<\/p>\n<p>Cette situation refl\u00e8te tr\u00e8s bien la strat\u00e9gie poursuivie par la R\u00e9publique islamique d&#8217;Iran pour gagner en influence et d\u00e9stabiliser la r\u00e9gion. \u00c0 cette fin, T\u00e9h\u00e9ran investit d&#8217;importantes sommes d&#8217;argent dans le financement de groupes arm\u00e9s, ainsi que dans le d\u00e9veloppement d&#8217;armes qui seront ensuite exp\u00e9di\u00e9es \u00e0 l&#8217;\u00e9tranger. \u00c0 ce stade, il convient \u00e9galement de mentionner l&#8217;alliance pertinente et dangereuse entre la Russie et l&#8217;Iran et l&#8217;envoi de drones iraniens \u00e0 l&#8217;arm\u00e9e russe pour une utilisation dans la guerre en Ukraine.<br \/>\nLa question des drones iraniens en Afrique du nord a \u00e9galement atteint le Parlement europ\u00e9en par l&#8217;interm\u00e9diaire de l&#8217;eurod\u00e9put\u00e9 du Parti populaire europ\u00e9en Antonio L\u00f3pez-Ist\u00fariz White, qui a demand\u00e9 au Haut Repr\u00e9sentant pour la politique \u00e9trang\u00e8re et la s\u00e9curit\u00e9, Josep Borrell, quelles informations Bruxelles poss\u00e8de sur la pr\u00e9tendue fourniture de drones iraniens au Polisario.<br \/>\nhttps:\/\/atalayar.com\/fr\/content\/les-drones-iraniens-fournis-au-polisario-constituent-une-menace-directe-pour-le-maroc<\/p>\n","protected":false},"excerpt":{"rendered":"<p>Le Royaume du Maroc n&#8217;est plus seul pays \u00e0 mettre en garde contre les liens militaires av\u00e9r\u00e9s entre Alger et T\u00e9h\u00e9ran et leurs cons\u00e9quences pour l&#8217;Afrique du Nord et le Sahel. M\u00eame son de cloche de l&#8217;autre c\u00f4t\u00e9 de l&#8217;Atlantique pour condamner cette coop\u00e9ration militaire qui favorise l\u2019instabilit\u00e9 de la r\u00e9gion. Dans le \u00ab\u00a0Boston Herald\u00a0\u00bb, &hellip;<\/p>\n","protected":false},"author":2,"featured_media":4532,"comment_status":"open","ping_status":"open","sticky":false,"template":"","format":"standard","meta":{"footnotes":""},"categories":[18,29],"tags":[],"class_list":["post-4531","post","type-post","status-publish","format-standard","has-post-thumbnail","hentry","category-actualites","category-monde"],"_links":{"self":[{"href":"https:\/\/ladepeche.mr\/index.php?rest_route=\/wp\/v2\/posts\/4531","targetHints":{"allow":["GET"]}}],"collection":[{"href":"https:\/\/ladepeche.mr\/index.php?rest_route=\/wp\/v2\/posts"}],"about":[{"href":"https:\/\/ladepeche.mr\/index.php?rest_route=\/wp\/v2\/types\/post"}],"author":[{"embeddable":true,"href":"https:\/\/ladepeche.mr\/index.php?rest_route=\/wp\/v2\/users\/2"}],"replies":[{"embeddable":true,"href":"https:\/\/ladepeche.mr\/index.php?rest_route=%2Fwp%2Fv2%2Fcomments&post=4531"}],"version-history":[{"count":1,"href":"https:\/\/ladepeche.mr\/index.php?rest_route=\/wp\/v2\/posts\/4531\/revisions"}],"predecessor-version":[{"id":4533,"href":"https:\/\/ladepeche.mr\/index.php?rest_route=\/wp\/v2\/posts\/4531\/revisions\/4533"}],"wp:featuredmedia":[{"embeddable":true,"href":"https:\/\/ladepeche.mr\/index.php?rest_route=\/wp\/v2\/media\/4532"}],"wp:attachment":[{"href":"https:\/\/ladepeche.mr\/index.php?rest_route=%2Fwp%2Fv2%2Fmedia&parent=4531"}],"wp:term":[{"taxonomy":"category","embeddable":true,"href":"https:\/\/ladepeche.mr\/index.php?rest_route=%2Fwp%2Fv2%2Fcategories&post=4531"},{"taxonomy":"post_tag","embeddable":true,"href":"https:\/\/ladepeche.mr\/index.php?rest_route=%2Fwp%2Fv2%2Ftags&post=4531"}],"curies":[{"name":"wp","href":"https:\/\/api.w.org\/{rel}","templated":true}]}}