{"id":4540,"date":"2023-03-04T21:24:13","date_gmt":"2023-03-04T21:24:13","guid":{"rendered":"https:\/\/ladepeche.mr\/?p=4540"},"modified":"2023-03-04T21:24:13","modified_gmt":"2023-03-04T21:24:13","slug":"cve-ba-amadou-alassane-sevit","status":"publish","type":"post","link":"https:\/\/ladepeche.mr\/?p=4540","title":{"rendered":"CVE : B\u00e2 Amadou Alassane s\u00e9vit"},"content":{"rendered":"<p>Trois membres de la CVE B\u00e2 Mamadou Moustapha, membre de la commission ex\u00e9cutive, B\u00e2 Aboubakri, permanent, et Ball Mamoudou Jaffar, coordinateur au Brakna ont subi les foudres du pr\u00e9sident de la CVE, B\u00e2 Amadou Alassane.<br \/>\nLe pr\u00e9sident de la CVE estime que les \u00ab mesures sont prises \u00e0 cause du mauvais comportement des int\u00e9ress\u00e9s, comportement qui constitue une indiscipline caract\u00e9ris\u00e9e. Et selon l&#8217;article 9 du R\u00e8glement int\u00e9rieur, toute indiscipline caract\u00e9ris\u00e9e m\u00e9rite sanction dans l&#8217;int\u00e9r\u00eat de la commission ex\u00e9cutive et donc de la CVE \u00bb conclut-il.<\/p>\n","protected":false},"excerpt":{"rendered":"<p>Trois membres de la CVE B\u00e2 Mamadou Moustapha, membre de la commission ex\u00e9cutive, B\u00e2 Aboubakri, permanent, et Ball Mamoudou Jaffar, coordinateur au Brakna ont subi les foudres du pr\u00e9sident de la CVE, B\u00e2 Amadou Alassane. Le pr\u00e9sident de la CVE estime que les \u00ab mesures sont prises \u00e0 cause du mauvais comportement des int\u00e9ress\u00e9s, comportement &hellip;<\/p>\n","protected":false},"author":2,"featured_media":4541,"comment_status":"open","ping_status":"open","sticky":false,"template":"","format":"standard","meta":{"footnotes":""},"categories":[26],"tags":[],"class_list":["post-4540","post","type-post","status-publish","format-standard","has-post-thumbnail","hentry","category-en-panne"],"_links":{"self":[{"href":"https:\/\/ladepeche.mr\/index.php?rest_route=\/wp\/v2\/posts\/4540","targetHints":{"allow":["GET"]}}],"collection":[{"href":"https:\/\/ladepeche.mr\/index.php?rest_route=\/wp\/v2\/posts"}],"about":[{"href":"https:\/\/ladepeche.mr\/index.php?rest_route=\/wp\/v2\/types\/post"}],"author":[{"embeddable":true,"href":"https:\/\/ladepeche.mr\/index.php?rest_route=\/wp\/v2\/users\/2"}],"replies":[{"embeddable":true,"href":"https:\/\/ladepeche.mr\/index.php?rest_route=%2Fwp%2Fv2%2Fcomments&post=4540"}],"version-history":[{"count":1,"href":"https:\/\/ladepeche.mr\/index.php?rest_route=\/wp\/v2\/posts\/4540\/revisions"}],"predecessor-version":[{"id":4542,"href":"https:\/\/ladepeche.mr\/index.php?rest_route=\/wp\/v2\/posts\/4540\/revisions\/4542"}],"wp:featuredmedia":[{"embeddable":true,"href":"https:\/\/ladepeche.mr\/index.php?rest_route=\/wp\/v2\/media\/4541"}],"wp:attachment":[{"href":"https:\/\/ladepeche.mr\/index.php?rest_route=%2Fwp%2Fv2%2Fmedia&parent=4540"}],"wp:term":[{"taxonomy":"category","embeddable":true,"href":"https:\/\/ladepeche.mr\/index.php?rest_route=%2Fwp%2Fv2%2Fcategories&post=4540"},{"taxonomy":"post_tag","embeddable":true,"href":"https:\/\/ladepeche.mr\/index.php?rest_route=%2Fwp%2Fv2%2Ftags&post=4540"}],"curies":[{"name":"wp","href":"https:\/\/api.w.org\/{rel}","templated":true}]}}