{"id":4543,"date":"2023-03-05T21:07:10","date_gmt":"2023-03-05T21:07:10","guid":{"rendered":"https:\/\/ladepeche.mr\/?p=4543"},"modified":"2023-03-06T10:27:28","modified_gmt":"2023-03-06T10:27:28","slug":"le-president-de-la-republique-les-pays-les-moins-avances-ont-besoin-dun-soutien-fort-pour-atteindre-les-objectifs-de-lagenda-2030","status":"publish","type":"post","link":"https:\/\/ladepeche.mr\/?p=4543","title":{"rendered":"Le Pr\u00e9sident de la R\u00e9publique : Les pays les moins avanc\u00e9s ont besoin d\u2019un soutien fort pour atteindre les objectifs de l\u2019Agenda 2030"},"content":{"rendered":"<p>Son Excellence le Pr\u00e9sident de la R\u00e9publique, M. Mohamed Ould Cheikh El Ghazouani, a indiqu\u00e9 que le groupe des pays les moins avanc\u00e9s (PMA), qui comprend pr\u00e8s d\u2019un milliard de personnes, dont les \u00e9conomies souffrent de probl\u00e8mes structurels majeurs, de dysfonctionnements exacerb\u00e9s par l\u2019\u00e9norme fardeau de la dette et le faible acc\u00e8s aux investissements internationaux, ainsi que les r\u00e9percussions des d\u00e9fis climatiques et s\u00e9curitaires, ont besoin de l\u2019appui fort de l\u2019ensemble de la communaut\u00e9 internationale pour augmenter leurs chances d\u2019atteindre les objectifs du Programme d\u2019action 2030.<\/p>\n<p>Il a ajout\u00e9, dans un discours prononc\u00e9, dimanche, dans la capitale qatarie, Doha, lors de sa participation \u00e0 la cinqui\u00e8me conf\u00e9rence des Nations unies sur les Pays les Moins Avanc\u00e9s, que la Mauritanie a fait de la lutte contre la pauvret\u00e9, la pr\u00e9carit\u00e9 et l\u2019exclusion la pi\u00e8ce ma\u00eetresse de sa strat\u00e9gie de d\u00e9veloppement ; elle a construit un large filet de s\u00e9curit\u00e9 sociale et a travaill\u00e9 par des r\u00e9formes structurelles \u00e0 d\u00e9velopper une \u00e9conomie diversifi\u00e9e, plus forte et plus r\u00e9siliente, capable de cr\u00e9er des opportunit\u00e9s d\u2019emplois et de produire de la valeur ajout\u00e9e, tout en veillant \u00e0 renforcer la gouvernance dans les domaines \u00e9conomique, financier et mon\u00e9taire.<\/p>\n<p>Voici la traduction du discours pr\u00e9sidentiel :<\/p>\n<p>\u201cAu nom d\u2019Allah le Mis\u00e9ricordieux et pri\u00e8res et paix sur ses messagers,<\/p>\n<p>Son Altesse Cheikh Tamim bin Hamad Al Thani, Emir de l\u2019Etat du Qatar,<\/p>\n<p>Son Excellence M. Lazarus Chakwera, Pr\u00e9sident de la R\u00e9publique du Malawi et Pr\u00e9sident du Groupe des pays les Moins Avanc\u00e9s,<\/p>\n<p>Excellences, les Pr\u00e9sidents,<\/p>\n<p>Excellences, les Chefs de d\u00e9l\u00e9gations,<\/p>\n<p>M. Antonio Guterres,<\/p>\n<p>Mesdames et Messieurs,<\/p>\n<p>Je voudrais tout d\u2019abord f\u00e9liciter mon fr\u00e8re, Son Altesse Cheikh Tamim bin Hamad Al Thani, pour l\u2019accueille par son pays de cette cinqui\u00e8me session de la Conf\u00e9rence des Nations Unies sur les Pays les Moins Avanc\u00e9s, en le remerciant pour l\u2019accueil chaleureux et la v\u00e9ritable hospitalit\u00e9 qatarie dont il nous entoure depuis notre arriv\u00e9e dans ce pays fr\u00e8re.<\/p>\n<p>J\u2019adresse \u00e9galement mes sinc\u00e8res remerciements \u00e0 M. Antonio Guterres et aux organes des Nations Unies charg\u00e9s du probl\u00e8me des Pays les Moins Avanc\u00e9s, pour les r\u00e9alisations louables accomplies au cours de la derni\u00e8re d\u00e9cennie, ainsi que pour l\u2019\u00e9laboration du nouveau programme d\u2019action de Doha pour la p\u00e9riode 2022-2031.<\/p>\n<p>Altesse,<\/p>\n<p>Excellences,<\/p>\n<p>Mesdames et Messieurs<\/p>\n<p>Cette cinqui\u00e8me session de la Conf\u00e9rence des Nations Unies sur les Pays les Moins avanc\u00e9s se tient dans un contexte international tout \u00e0 fait exceptionnel, marqu\u00e9 par l\u2019expansion constante des conflits arm\u00e9s, la violence, l\u2019extr\u00e9misme, les graves d\u00e9fis environnementaux, les r\u00e9percussions catastrophiques de la pand\u00e9mie de Covid-19 et la guerre en Ukraine.<\/p>\n<p>Ces crises, en raison de leurs r\u00e9percussions destructrices sur les tissus sociaux et \u00e9conomiques, ont entrav\u00e9 les grands efforts d\u00e9ploy\u00e9s par les Pays les Moins Avanc\u00e9s, avec l\u2019appui de la communaut\u00e9 internationale, pour atteindre les objectifs de d\u00e9veloppement durable.<\/p>\n<p>Il \u00e9tait donc urgent de convoquer cette session, qui constitue une occasion pr\u00e9cieuse de mobiliser et de renforcer les engagements de la communaut\u00e9 internationale envers la mise en \u0153uvre du programme d\u2019action de Doha, sur la base des enseignements tir\u00e9s de la mise en \u0153uvre du programme d\u2019action d\u2019Istanbul.<\/p>\n<p>Ce n\u2019est un secret pour personne que le groupe des Pays les Moins Avanc\u00e9s comprend pr\u00e8s d\u2019un milliard de personnes et que leurs \u00e9conomies souffrent de dysfonctionnements structurels majeurs, exacerb\u00e9s par l\u2019\u00e9norme fardeau de l\u2019endettement, le faible acc\u00e8s aux investissements internationaux et les r\u00e9percussions des d\u00e9fis climatiques et s\u00e9curitaires, et qui ne peuvent en cons\u00e9quence se dispenser d\u2019un appui fort de la part de la communaut\u00e9 internationale dans son ensemble, pour augmenter leurs chances d\u2019atteindre les objectifs de l\u2019Agenda 2030.<\/p>\n<p>Il est vrai que le soutien de la communaut\u00e9 internationale au groupe des Pays les Moins Avanc\u00e9s a contribu\u00e9 \u00e0 l\u2019obtention de quelques r\u00e9sultats positifs, permettant \u00e0 un certain nombre de pays de sortir de ce groupe.<\/p>\n<p>Cependant, le faible nombre de ces pays indique, \u00e0 lui seul, la n\u00e9cessit\u00e9 de doubler l\u2019appui international pour soutenir les Pays les Moins Avanc\u00e9s dans leur effort visant \u00e0 atteindre les objectifs de d\u00e9veloppement durable, en particulier le premier objectif relatif \u00e0 l\u2019\u00e9radication de la pauvret\u00e9.<\/p>\n<p>Nous, en R\u00e9publique islamique de Mauritanie, avons fait de la lutte contre la pauvret\u00e9, la pr\u00e9carit\u00e9 et l\u2019exclusion la pi\u00e8ce ma\u00eetresse de notre strat\u00e9gie de d\u00e9veloppement. Nous avons donc construit un large filet de s\u00e9curit\u00e9 sociale, avons aussi travaill\u00e9, par des r\u00e9formes structurelles, \u00e0 d\u00e9velopper une \u00e9conomie diversifi\u00e9e, plus forte et plus r\u00e9siliente, capable de cr\u00e9er des opportunit\u00e9s d\u2019emplois et de produire de la valeur ajout\u00e9e, tout en veillant \u00e0 renforcer la gouvernance dans les domaines \u00e9conomique, financier et mon\u00e9taire.<\/p>\n<p>Tout cela nous a permis de porter notre taux de croissance r\u00e9el \u00e0 5,3 % en 2022, contre 2,4 % en 2021.<\/p>\n<p>Nous nous concentrons \u00e9galement sur la mise \u00e0 niveau de nos secteurs productifs en diversifiant la production agricole, en valorisant et en am\u00e9liorant l\u2019exploitation de nos ressources animales et halieutiques, dans le but d\u2019atteindre le plus haut niveau possible d\u2019autosuffisance alimentaire.<\/p>\n<p>Parall\u00e8lement, nous d\u00e9ployons de grands efforts pour consolider la d\u00e9mocratie et l\u2019\u00c9tat de droit, pour promouvoir les droits de l\u2019homme et pour faire face aux diff\u00e9rents d\u00e9fis s\u00e9curitaires et environnementaux.<\/p>\n<p>Dans ce contexte, notre pays a pu, dans un environnement s\u00e9curitaire r\u00e9gional et international tr\u00e8s instable, assurer la s\u00e9curit\u00e9 et la paix sur son territoire et il continue de lutter contre la d\u00e9sertification et de passer progressivement aux \u00e9nergies propres.<\/p>\n<p>Cependant, malgr\u00e9 tous ces efforts, nous avons encore besoin d\u2019un grand soutien, tout comme les autres Pays les Moins Avanc\u00e9s, en particulier les cinq pays du Sahel, qui appartiennent tous \u00e0 ce groupe.<\/p>\n<p>Je souhaite \u00e0 notre conf\u00e9rence plein succ\u00e8s et r\u00e9ussite efficace \u00e0 la mise en \u0153uvre du programme d\u2019action de Doha.<\/p>\n<p>Je vous remercie et que la paix, la mis\u00e9ricorde et les b\u00e9n\u00e9dictions d\u2019Allah soient sur vous \u00bb.<br \/>\nAmi<\/p>\n","protected":false},"excerpt":{"rendered":"<p>Son Excellence le Pr\u00e9sident de la R\u00e9publique, M. Mohamed Ould Cheikh El Ghazouani, a indiqu\u00e9 que le groupe des pays les moins avanc\u00e9s (PMA), qui comprend pr\u00e8s d\u2019un milliard de personnes, dont les \u00e9conomies souffrent de probl\u00e8mes structurels majeurs, de dysfonctionnements exacerb\u00e9s par l\u2019\u00e9norme fardeau de la dette et le faible acc\u00e8s aux investissements internationaux, &hellip;<\/p>\n","protected":false},"author":2,"featured_media":4544,"comment_status":"open","ping_status":"open","sticky":false,"template":"","format":"standard","meta":{"footnotes":""},"categories":[18,2],"tags":[],"class_list":["post-4543","post","type-post","status-publish","format-standard","has-post-thumbnail","hentry","category-actualites","category-economie"],"_links":{"self":[{"href":"https:\/\/ladepeche.mr\/index.php?rest_route=\/wp\/v2\/posts\/4543","targetHints":{"allow":["GET"]}}],"collection":[{"href":"https:\/\/ladepeche.mr\/index.php?rest_route=\/wp\/v2\/posts"}],"about":[{"href":"https:\/\/ladepeche.mr\/index.php?rest_route=\/wp\/v2\/types\/post"}],"author":[{"embeddable":true,"href":"https:\/\/ladepeche.mr\/index.php?rest_route=\/wp\/v2\/users\/2"}],"replies":[{"embeddable":true,"href":"https:\/\/ladepeche.mr\/index.php?rest_route=%2Fwp%2Fv2%2Fcomments&post=4543"}],"version-history":[{"count":1,"href":"https:\/\/ladepeche.mr\/index.php?rest_route=\/wp\/v2\/posts\/4543\/revisions"}],"predecessor-version":[{"id":4545,"href":"https:\/\/ladepeche.mr\/index.php?rest_route=\/wp\/v2\/posts\/4543\/revisions\/4545"}],"wp:featuredmedia":[{"embeddable":true,"href":"https:\/\/ladepeche.mr\/index.php?rest_route=\/wp\/v2\/media\/4544"}],"wp:attachment":[{"href":"https:\/\/ladepeche.mr\/index.php?rest_route=%2Fwp%2Fv2%2Fmedia&parent=4543"}],"wp:term":[{"taxonomy":"category","embeddable":true,"href":"https:\/\/ladepeche.mr\/index.php?rest_route=%2Fwp%2Fv2%2Fcategories&post=4543"},{"taxonomy":"post_tag","embeddable":true,"href":"https:\/\/ladepeche.mr\/index.php?rest_route=%2Fwp%2Fv2%2Ftags&post=4543"}],"curies":[{"name":"wp","href":"https:\/\/api.w.org\/{rel}","templated":true}]}}