{"id":4546,"date":"2023-03-05T21:19:55","date_gmt":"2023-03-05T21:19:55","guid":{"rendered":"https:\/\/ladepeche.mr\/?p=4546"},"modified":"2023-03-05T21:19:55","modified_gmt":"2023-03-05T21:19:55","slug":"doha-zeine-el-abidine-exhorte-les-hommes-daffaires-qataris-a-linvestissement-en-mauritanie","status":"publish","type":"post","link":"https:\/\/ladepeche.mr\/?p=4546","title":{"rendered":"Doha : Zeine El Abidine exhorte les hommes d\u2019affaires qataris \u00e0 l\u2019investissement en Mauritanie"},"content":{"rendered":"<p>Le pr\u00e9sident de l\u2019Union Nationale du Patronat Mauritanien, Mohamed Zeine El Abidine Ould Cheikh Ahmed, a exhort\u00e9, depuis Doha, les hommes d\u2019affaires du Qatar \u00e0 saisir les opportunit\u00e9s d\u2019investissement prometteuses en Mauritanie pour diversifier et renforcer le partenariat et les \u00e9changes avec leurs homologues mauritaniens, rapporte une d\u00e9p\u00eache de l\u2019agence mauritanienne d\u2019information.<br \/>\nCet appel du pr\u00e9sident du CNPM, Mohamed Zeine El Abidine Ould Cheikh Ahmed, a \u00e9t\u00e9 lanc\u00e9 \u00e0 l\u2019issue d\u2019une rencontre au cours de laquelle il s\u2019\u00e9tait entretenu, dimanche, avec Cheikh Khalifa bin Jassim Al Thani, pr\u00e9sident du conseil d\u2019administration de la Chambre de commerce et d\u2019industrie du Qatar.<br \/>\nLe pr\u00e9sident du patronat mauritanien aurait examin\u00e9 au cours de cette rencontre avec son h\u00f4te qatari, les opportunit\u00e9s d\u2019investissements et les perspectives jug\u00e9es prometteuses que les hommes d\u2019affaires dans les deux pays peuvent tirer de l\u2019essor des \u00e9conomies nationales.<\/p>\n","protected":false},"excerpt":{"rendered":"<p>Le pr\u00e9sident de l\u2019Union Nationale du Patronat Mauritanien, Mohamed Zeine El Abidine Ould Cheikh Ahmed, a exhort\u00e9, depuis Doha, les hommes d\u2019affaires du Qatar \u00e0 saisir les opportunit\u00e9s d\u2019investissement prometteuses en Mauritanie pour diversifier et renforcer le partenariat et les \u00e9changes avec leurs homologues mauritaniens, rapporte une d\u00e9p\u00eache de l\u2019agence mauritanienne d\u2019information. Cet appel du &hellip;<\/p>\n","protected":false},"author":2,"featured_media":4547,"comment_status":"open","ping_status":"open","sticky":false,"template":"","format":"standard","meta":{"footnotes":""},"categories":[18,2],"tags":[],"class_list":["post-4546","post","type-post","status-publish","format-standard","has-post-thumbnail","hentry","category-actualites","category-economie"],"_links":{"self":[{"href":"https:\/\/ladepeche.mr\/index.php?rest_route=\/wp\/v2\/posts\/4546","targetHints":{"allow":["GET"]}}],"collection":[{"href":"https:\/\/ladepeche.mr\/index.php?rest_route=\/wp\/v2\/posts"}],"about":[{"href":"https:\/\/ladepeche.mr\/index.php?rest_route=\/wp\/v2\/types\/post"}],"author":[{"embeddable":true,"href":"https:\/\/ladepeche.mr\/index.php?rest_route=\/wp\/v2\/users\/2"}],"replies":[{"embeddable":true,"href":"https:\/\/ladepeche.mr\/index.php?rest_route=%2Fwp%2Fv2%2Fcomments&post=4546"}],"version-history":[{"count":1,"href":"https:\/\/ladepeche.mr\/index.php?rest_route=\/wp\/v2\/posts\/4546\/revisions"}],"predecessor-version":[{"id":4548,"href":"https:\/\/ladepeche.mr\/index.php?rest_route=\/wp\/v2\/posts\/4546\/revisions\/4548"}],"wp:featuredmedia":[{"embeddable":true,"href":"https:\/\/ladepeche.mr\/index.php?rest_route=\/wp\/v2\/media\/4547"}],"wp:attachment":[{"href":"https:\/\/ladepeche.mr\/index.php?rest_route=%2Fwp%2Fv2%2Fmedia&parent=4546"}],"wp:term":[{"taxonomy":"category","embeddable":true,"href":"https:\/\/ladepeche.mr\/index.php?rest_route=%2Fwp%2Fv2%2Fcategories&post=4546"},{"taxonomy":"post_tag","embeddable":true,"href":"https:\/\/ladepeche.mr\/index.php?rest_route=%2Fwp%2Fv2%2Ftags&post=4546"}],"curies":[{"name":"wp","href":"https:\/\/api.w.org\/{rel}","templated":true}]}}