{"id":4549,"date":"2023-03-05T21:33:01","date_gmt":"2023-03-05T21:33:01","guid":{"rendered":"https:\/\/ladepeche.mr\/?p=4549"},"modified":"2023-03-05T21:39:23","modified_gmt":"2023-03-05T21:39:23","slug":"epizootie-chez-les-petits-ruminants-des-missions-durgence-dans-le-tiris-zemmour","status":"publish","type":"post","link":"https:\/\/ladepeche.mr\/?p=4549","title":{"rendered":"Epizootie chez les petits ruminants: Des missions d\u2019urgence dans le Tiris Zemmour"},"content":{"rendered":"<p>Les \u00e9quipes v\u00e9t\u00e9rinaires d\u00e9p\u00each\u00e9es dans le Tiris Zemmour depuis quelques jours pour freiner l\u2019\u00e9pizootie apparue chez les petits ruminants seraient d\u00e9pass\u00e9es par l\u2019ampleur de l\u2019\u00e9pid\u00e9mie, tient-on de source officieuse.<br \/>\nDes renforts compos\u00e9s de nouvelles \u00e9quipes ont \u00e9t\u00e9 mobilis\u00e9s par le minist\u00e8re apr\u00e8s une r\u00e9union d\u2019urgence, dimanche, entre le ministre et les services concern\u00e9s et devraient s\u2019\u00e9branler lundi en direction de la capitale r\u00e9gionale du Tiris Zemmour.<br \/>\nDe source officielle, on indique que cette \u00e9pizootie chez les petits ruminants n\u2019a pas d\u2019incidence sur la sant\u00e9 humaine.<br \/>\nA noter que le ministre de la sant\u00e9 a r\u00e9cemment d\u00e9clar\u00e9 qu\u2019aucun cas de fi\u00e8vre de la vall\u00e9e du Rift ou de crim\u00e9e Congo n\u2019avait \u00e9t\u00e9 d\u00e9cel\u00e9 sur le territoire national.<\/p>\n","protected":false},"excerpt":{"rendered":"<p>Les \u00e9quipes v\u00e9t\u00e9rinaires d\u00e9p\u00each\u00e9es dans le Tiris Zemmour depuis quelques jours pour freiner l\u2019\u00e9pizootie apparue chez les petits ruminants seraient d\u00e9pass\u00e9es par l\u2019ampleur de l\u2019\u00e9pid\u00e9mie, tient-on de source officieuse. Des renforts compos\u00e9s de nouvelles \u00e9quipes ont \u00e9t\u00e9 mobilis\u00e9s par le minist\u00e8re apr\u00e8s une r\u00e9union d\u2019urgence, dimanche, entre le ministre et les services concern\u00e9s et devraient &hellip;<\/p>\n","protected":false},"author":2,"featured_media":4550,"comment_status":"open","ping_status":"open","sticky":false,"template":"","format":"standard","meta":{"footnotes":""},"categories":[18,2,27],"tags":[],"class_list":["post-4549","post","type-post","status-publish","format-standard","has-post-thumbnail","hentry","category-actualites","category-economie","category-sante"],"_links":{"self":[{"href":"https:\/\/ladepeche.mr\/index.php?rest_route=\/wp\/v2\/posts\/4549","targetHints":{"allow":["GET"]}}],"collection":[{"href":"https:\/\/ladepeche.mr\/index.php?rest_route=\/wp\/v2\/posts"}],"about":[{"href":"https:\/\/ladepeche.mr\/index.php?rest_route=\/wp\/v2\/types\/post"}],"author":[{"embeddable":true,"href":"https:\/\/ladepeche.mr\/index.php?rest_route=\/wp\/v2\/users\/2"}],"replies":[{"embeddable":true,"href":"https:\/\/ladepeche.mr\/index.php?rest_route=%2Fwp%2Fv2%2Fcomments&post=4549"}],"version-history":[{"count":1,"href":"https:\/\/ladepeche.mr\/index.php?rest_route=\/wp\/v2\/posts\/4549\/revisions"}],"predecessor-version":[{"id":4551,"href":"https:\/\/ladepeche.mr\/index.php?rest_route=\/wp\/v2\/posts\/4549\/revisions\/4551"}],"wp:featuredmedia":[{"embeddable":true,"href":"https:\/\/ladepeche.mr\/index.php?rest_route=\/wp\/v2\/media\/4550"}],"wp:attachment":[{"href":"https:\/\/ladepeche.mr\/index.php?rest_route=%2Fwp%2Fv2%2Fmedia&parent=4549"}],"wp:term":[{"taxonomy":"category","embeddable":true,"href":"https:\/\/ladepeche.mr\/index.php?rest_route=%2Fwp%2Fv2%2Fcategories&post=4549"},{"taxonomy":"post_tag","embeddable":true,"href":"https:\/\/ladepeche.mr\/index.php?rest_route=%2Fwp%2Fv2%2Ftags&post=4549"}],"curies":[{"name":"wp","href":"https:\/\/api.w.org\/{rel}","templated":true}]}}