{"id":4552,"date":"2023-03-05T21:37:14","date_gmt":"2023-03-05T21:37:14","guid":{"rendered":"https:\/\/ladepeche.mr\/?p=4552"},"modified":"2023-03-05T21:37:14","modified_gmt":"2023-03-05T21:37:14","slug":"lunion-des-academiciens-et-des-intellectuels-mauritaniens-celebre-la-proclamation-de-nouakchott-capitale-culturelle-du-monde-islamique-2023","status":"publish","type":"post","link":"https:\/\/ladepeche.mr\/?p=4552","title":{"rendered":"L\u2019union des acad\u00e9miciens et des intellectuels mauritaniens c\u00e9l\u00e8bre la proclamation de Nouakchott capitale culturelle du monde islamique 2023"},"content":{"rendered":"<p>La salle de l\u2019Union nationale du Patronat Mauritanien a abrit\u00e9, samedi soir, une manifestation culturelle organis\u00e9e par l\u2019Union des acad\u00e9miciens et intellectuels mauritaniens, en comm\u00e9moration de la proclamation de Nouakchott capitale culturelle du monde islamique pour l\u2019ann\u00e9e 2023.<br \/>\nLa c\u00e9r\u00e9monie qui co\u00efncide avec le lancement par l\u2019union de sa saison culturelle a \u00e9t\u00e9 marqu\u00e9e par des expos\u00e9s sous le th\u00e8me de: la pens\u00e9e soufie chez les chinguitiens pr\u00e9sent\u00e9s par des acad\u00e9miciens et des sp\u00e9cialistes du soufisme sur les diff\u00e9rentes \u00e9coles de cette pens\u00e9e.<\/p>\n<p>La pr\u00e9sidente de l\u2019Union , Mme Mouna Mint Siyam, s\u2019est f\u00e9licit\u00e9e, dans un mot prononc\u00e9 pour la circonstance, de l\u2019int\u00e9r\u00eat accord\u00e9 \u00e0 son union par les autorit\u00e9s comp\u00e9tentes, soulignant que le colloque d\u2019aujourd\u2019hui repr\u00e9sente le d\u00e9marrage de l\u2019activit\u00e9 de l\u2019union.<\/p>\n<p>Elle a pr\u00e9cis\u00e9 que l\u2019union comprend des docteurs, des professeurs d\u2019universit\u00e9 et des penseurs qui ont une large exp\u00e9rience dans les diff\u00e9rents domaines des sciences et des connaissances et qui travaillent dans l\u2019esprit d\u2019une m\u00eame \u00e9quipe pour la r\u00e9alisation des objectifs servant l\u2019union d\u2019une part et accompagnant la politique de l\u2019Etat en mati\u00e8re d\u2019appui \u00e0 la culture, d\u2019autre part.<\/p>\n<p>Elle a not\u00e9 que parmi ces objectifs figure la mise en place d\u2019un r\u00e9seau de relations efficace appuyant les liens entre les acad\u00e9miciens et les intellectuels mauritaniens et entre eux et leurs pairs dans le monde islamique et arabe.<\/p>\n<p>De son c\u00f4t\u00e9, le secr\u00e9taire g\u00e9n\u00e9ral de la commission nationale pour l\u2019\u00e9ducation, la culture et les sciences, secr\u00e9taire g\u00e9n\u00e9rale de la haute commission supervisant l\u2019organisation de la c\u00e9l\u00e9bration de la proclamation de Nouakchott capitale culturelle du monde islamique, M. Mohamed Sidi Abdallah, a mis en relief la place qu\u2019occupe la Mauritanie au niveau culturel et scientifique au sein du monde islamique.<br \/>\nAmi<\/p>\n","protected":false},"excerpt":{"rendered":"<p>La salle de l\u2019Union nationale du Patronat Mauritanien a abrit\u00e9, samedi soir, une manifestation culturelle organis\u00e9e par l\u2019Union des acad\u00e9miciens et intellectuels mauritaniens, en comm\u00e9moration de la proclamation de Nouakchott capitale culturelle du monde islamique pour l\u2019ann\u00e9e 2023. La c\u00e9r\u00e9monie qui co\u00efncide avec le lancement par l\u2019union de sa saison culturelle a \u00e9t\u00e9 marqu\u00e9e par &hellip;<\/p>\n","protected":false},"author":2,"featured_media":4553,"comment_status":"open","ping_status":"open","sticky":false,"template":"","format":"standard","meta":{"footnotes":""},"categories":[15],"tags":[],"class_list":["post-4552","post","type-post","status-publish","format-standard","has-post-thumbnail","hentry","category-culture"],"_links":{"self":[{"href":"https:\/\/ladepeche.mr\/index.php?rest_route=\/wp\/v2\/posts\/4552","targetHints":{"allow":["GET"]}}],"collection":[{"href":"https:\/\/ladepeche.mr\/index.php?rest_route=\/wp\/v2\/posts"}],"about":[{"href":"https:\/\/ladepeche.mr\/index.php?rest_route=\/wp\/v2\/types\/post"}],"author":[{"embeddable":true,"href":"https:\/\/ladepeche.mr\/index.php?rest_route=\/wp\/v2\/users\/2"}],"replies":[{"embeddable":true,"href":"https:\/\/ladepeche.mr\/index.php?rest_route=%2Fwp%2Fv2%2Fcomments&post=4552"}],"version-history":[{"count":1,"href":"https:\/\/ladepeche.mr\/index.php?rest_route=\/wp\/v2\/posts\/4552\/revisions"}],"predecessor-version":[{"id":4554,"href":"https:\/\/ladepeche.mr\/index.php?rest_route=\/wp\/v2\/posts\/4552\/revisions\/4554"}],"wp:featuredmedia":[{"embeddable":true,"href":"https:\/\/ladepeche.mr\/index.php?rest_route=\/wp\/v2\/media\/4553"}],"wp:attachment":[{"href":"https:\/\/ladepeche.mr\/index.php?rest_route=%2Fwp%2Fv2%2Fmedia&parent=4552"}],"wp:term":[{"taxonomy":"category","embeddable":true,"href":"https:\/\/ladepeche.mr\/index.php?rest_route=%2Fwp%2Fv2%2Fcategories&post=4552"},{"taxonomy":"post_tag","embeddable":true,"href":"https:\/\/ladepeche.mr\/index.php?rest_route=%2Fwp%2Fv2%2Ftags&post=4552"}],"curies":[{"name":"wp","href":"https:\/\/api.w.org\/{rel}","templated":true}]}}