{"id":4555,"date":"2023-03-05T22:48:11","date_gmt":"2023-03-05T22:48:11","guid":{"rendered":"https:\/\/ladepeche.mr\/?p=4555"},"modified":"2023-03-05T23:57:28","modified_gmt":"2023-03-05T23:57:28","slug":"securite-mutinerie-a-la-prison-civile","status":"publish","type":"post","link":"https:\/\/ladepeche.mr\/?p=4555","title":{"rendered":"S\u00e9curit\u00e9: Mutinerie \u00e0 la prison civile"},"content":{"rendered":"<p>Les autorit\u00e9s s\u00e9curitaires ont d\u00e9ploy\u00e9 un important dispositif militaire au niveau des art\u00e8res en direction de la prison civile.<br \/>\nCe d\u00e9ploiement de forces militaires serait li\u00e9 \u00e0 une mutinerie \u00e0 la prison civile de Nouakchott.<br \/>\nSelon des infos officieuses, un agent de la s\u00e9curit\u00e9 aurait \u00e9t\u00e9 bless\u00e9 par les mutins.<br \/>\nOn ignore encore qui sont les animateurs de cette manifestation.<\/p>\n","protected":false},"excerpt":{"rendered":"<p>Les autorit\u00e9s s\u00e9curitaires ont d\u00e9ploy\u00e9 un important dispositif militaire au niveau des art\u00e8res en direction de la prison civile. Ce d\u00e9ploiement de forces militaires serait li\u00e9 \u00e0 une mutinerie \u00e0 la prison civile de Nouakchott. Selon des infos officieuses, un agent de la s\u00e9curit\u00e9 aurait \u00e9t\u00e9 bless\u00e9 par les mutins. On ignore encore qui sont &hellip;<\/p>\n","protected":false},"author":2,"featured_media":4556,"comment_status":"open","ping_status":"open","sticky":false,"template":"","format":"standard","meta":{"footnotes":""},"categories":[18],"tags":[],"class_list":["post-4555","post","type-post","status-publish","format-standard","has-post-thumbnail","hentry","category-actualites"],"_links":{"self":[{"href":"https:\/\/ladepeche.mr\/index.php?rest_route=\/wp\/v2\/posts\/4555","targetHints":{"allow":["GET"]}}],"collection":[{"href":"https:\/\/ladepeche.mr\/index.php?rest_route=\/wp\/v2\/posts"}],"about":[{"href":"https:\/\/ladepeche.mr\/index.php?rest_route=\/wp\/v2\/types\/post"}],"author":[{"embeddable":true,"href":"https:\/\/ladepeche.mr\/index.php?rest_route=\/wp\/v2\/users\/2"}],"replies":[{"embeddable":true,"href":"https:\/\/ladepeche.mr\/index.php?rest_route=%2Fwp%2Fv2%2Fcomments&post=4555"}],"version-history":[{"count":3,"href":"https:\/\/ladepeche.mr\/index.php?rest_route=\/wp\/v2\/posts\/4555\/revisions"}],"predecessor-version":[{"id":4564,"href":"https:\/\/ladepeche.mr\/index.php?rest_route=\/wp\/v2\/posts\/4555\/revisions\/4564"}],"wp:featuredmedia":[{"embeddable":true,"href":"https:\/\/ladepeche.mr\/index.php?rest_route=\/wp\/v2\/media\/4556"}],"wp:attachment":[{"href":"https:\/\/ladepeche.mr\/index.php?rest_route=%2Fwp%2Fv2%2Fmedia&parent=4555"}],"wp:term":[{"taxonomy":"category","embeddable":true,"href":"https:\/\/ladepeche.mr\/index.php?rest_route=%2Fwp%2Fv2%2Fcategories&post=4555"},{"taxonomy":"post_tag","embeddable":true,"href":"https:\/\/ladepeche.mr\/index.php?rest_route=%2Fwp%2Fv2%2Ftags&post=4555"}],"curies":[{"name":"wp","href":"https:\/\/api.w.org\/{rel}","templated":true}]}}