{"id":4565,"date":"2023-03-06T00:37:07","date_gmt":"2023-03-06T00:37:07","guid":{"rendered":"https:\/\/ladepeche.mr\/?p=4565"},"modified":"2023-03-06T01:24:56","modified_gmt":"2023-03-06T01:24:56","slug":"mutinerie-a-la-prison-civile-les-fugitifs-arretes","status":"publish","type":"post","link":"https:\/\/ladepeche.mr\/?p=4565","title":{"rendered":"Mutinerie \u00e0 la prison civile: les fugitifs arr\u00eat\u00e9s"},"content":{"rendered":"<p>Les prisonniers salafistes \u00e0 l\u2019origine de la mutinerie \u00e0 la prison civile de Nouakchott auraient \u00e9t\u00e9 arr\u00eat\u00e9s par les services de s\u00e9curit\u00e9, apprend-On de source encore officieuse.<br \/>\nLes prisonniers salafistes en fuite -une dizaine au moins- qui auraient profit\u00e9 de complicit\u00e9 en dehors de la prison pour s\u2019\u00e9vader auraient \u00e9t\u00e9 arr\u00eat\u00e9s pour la plupart \u00e0 Dar Naim, quartier populaire \u00e0 l\u2019est de la capitale. Un bilan provisoire fait \u00e9tat de 2 \u00e9l\u00e9ments des forces de s\u00e9curit\u00e9 tu\u00e9s et un autre bless\u00e9 (photo illustration).<br \/>\nL\u2019auteur principal de cette fuite serait Saleck Ould Cheikh, condamn\u00e9s \u00e0 mort pour les attentats perp\u00e9tr\u00e9s en Mauritanie.<br \/>\nLes terroristes avaient dessaisi deux de leurs ge\u00f4liers de leurs armes avant de s\u00e9vir contre eux.<br \/>\nC\u2019est la \u00e9ni\u00e8me fois qu\u2019une tentative d\u2019\u00e9vasion des salafistes, non repentis, est d\u00e9jou\u00e9e.<\/p>\n","protected":false},"excerpt":{"rendered":"<p>Les prisonniers salafistes \u00e0 l\u2019origine de la mutinerie \u00e0 la prison civile de Nouakchott auraient \u00e9t\u00e9 arr\u00eat\u00e9s par les services de s\u00e9curit\u00e9, apprend-On de source encore officieuse. Les prisonniers salafistes en fuite -une dizaine au moins- qui auraient profit\u00e9 de complicit\u00e9 en dehors de la prison pour s\u2019\u00e9vader auraient \u00e9t\u00e9 arr\u00eat\u00e9s pour la plupart \u00e0 &hellip;<\/p>\n","protected":false},"author":2,"featured_media":4567,"comment_status":"open","ping_status":"open","sticky":false,"template":"","format":"standard","meta":{"footnotes":""},"categories":[1],"tags":[],"class_list":["post-4565","post","type-post","status-publish","format-standard","has-post-thumbnail","hentry","category-uncategorized"],"_links":{"self":[{"href":"https:\/\/ladepeche.mr\/index.php?rest_route=\/wp\/v2\/posts\/4565","targetHints":{"allow":["GET"]}}],"collection":[{"href":"https:\/\/ladepeche.mr\/index.php?rest_route=\/wp\/v2\/posts"}],"about":[{"href":"https:\/\/ladepeche.mr\/index.php?rest_route=\/wp\/v2\/types\/post"}],"author":[{"embeddable":true,"href":"https:\/\/ladepeche.mr\/index.php?rest_route=\/wp\/v2\/users\/2"}],"replies":[{"embeddable":true,"href":"https:\/\/ladepeche.mr\/index.php?rest_route=%2Fwp%2Fv2%2Fcomments&post=4565"}],"version-history":[{"count":4,"href":"https:\/\/ladepeche.mr\/index.php?rest_route=\/wp\/v2\/posts\/4565\/revisions"}],"predecessor-version":[{"id":4570,"href":"https:\/\/ladepeche.mr\/index.php?rest_route=\/wp\/v2\/posts\/4565\/revisions\/4570"}],"wp:featuredmedia":[{"embeddable":true,"href":"https:\/\/ladepeche.mr\/index.php?rest_route=\/wp\/v2\/media\/4567"}],"wp:attachment":[{"href":"https:\/\/ladepeche.mr\/index.php?rest_route=%2Fwp%2Fv2%2Fmedia&parent=4565"}],"wp:term":[{"taxonomy":"category","embeddable":true,"href":"https:\/\/ladepeche.mr\/index.php?rest_route=%2Fwp%2Fv2%2Fcategories&post=4565"},{"taxonomy":"post_tag","embeddable":true,"href":"https:\/\/ladepeche.mr\/index.php?rest_route=%2Fwp%2Fv2%2Ftags&post=4565"}],"curies":[{"name":"wp","href":"https:\/\/api.w.org\/{rel}","templated":true}]}}