{"id":4571,"date":"2023-03-06T01:28:12","date_gmt":"2023-03-06T01:28:12","guid":{"rendered":"https:\/\/ladepeche.mr\/?p=4571"},"modified":"2023-03-06T01:28:12","modified_gmt":"2023-03-06T01:28:12","slug":"reaction-des-autorites-mauritaniennes-apres-la-mort-de-deux-gardes-tues-par-des-prisonniers-salafistes","status":"publish","type":"post","link":"https:\/\/ladepeche.mr\/?p=4571","title":{"rendered":"R\u00e9action des autorit\u00e9s mauritaniennes, apr\u00e8s la mort de deux gardes tu\u00e9s par des prisonniers salafistes"},"content":{"rendered":"<p>eux gardes tu\u00e9s par des prisonniers salafistes<br \/>\nR\u00e9action des autorit\u00e9s mauritaniennes, apr\u00e8s la mort de deux gardes tu\u00e9s par des prisonniers salafistes<br \/>\n#Cridem &#8211; Le minist\u00e8re de l&#8217;Int\u00e9rieur a annonc\u00e9 dimanche dans la soir\u00e9e que &#8220;les terroristes qui ont attaqu\u00e9 le personnel charg\u00e9 de la garde de la prison centrale de Nouakchott&#8221; sont poursuivis.<\/p>\n<p>Un communiqu\u00e9 du minist\u00e8re de l&#8217;Int\u00e9rieur, publi\u00e9 par l&#8217;agence de presse mauritanienne (officielle), pr\u00e9cise que &#8220;vers 21 heures aujourd&#8217;hui, correspondant au 05 mars 2023, quatre terroristes ont r\u00e9ussi \u00e0 s&#8217;\u00e9vader de la prison centrale de Nouakchott, apr\u00e8s avoir agress\u00e9 les gardes&#8221;.<\/p>\n<p>Le communiqu\u00e9 ajoute que l&#8217;\u00e9vasion &#8220;a entra\u00een\u00e9 un \u00e9change de tirs, au cours duquel deux membres de la Garde nationale ont \u00e9t\u00e9 tu\u00e9s, que Dieu leur fasse mis\u00e9ricorde, tandis que deux ont \u00e9t\u00e9 l\u00e9g\u00e8rement bless\u00e9s, que Dieu les gu\u00e9risse&#8221;.<\/p>\n<p>Le communiqu\u00e9 indique que la Garde nationale \u00ab a resserr\u00e9 son contr\u00f4le sur la prison et a imm\u00e9diatement commenc\u00e9 \u00e0 traquer les fugitifs afin de les arr\u00eater au plus vite \u00bb.<\/p>\n<p>Le minist\u00e8re de l&#8217;Int\u00e9rieur a demand\u00e9 aux citoyens de &#8220;signaler toute information pouvant aider au processus d&#8217;arrestation des fugitifs, aux num\u00e9ros suivants : 102, 116, 117 et 120&#8221;.<br \/>\nCridem<\/p>\n","protected":false},"excerpt":{"rendered":"<p>eux gardes tu\u00e9s par des prisonniers salafistes R\u00e9action des autorit\u00e9s mauritaniennes, apr\u00e8s la mort de deux gardes tu\u00e9s par des prisonniers salafistes #Cridem &#8211; Le minist\u00e8re de l&#8217;Int\u00e9rieur a annonc\u00e9 dimanche dans la soir\u00e9e que &#8220;les terroristes qui ont attaqu\u00e9 le personnel charg\u00e9 de la garde de la prison centrale de Nouakchott&#8221; sont poursuivis. Un &hellip;<\/p>\n","protected":false},"author":2,"featured_media":4573,"comment_status":"open","ping_status":"open","sticky":false,"template":"","format":"standard","meta":{"footnotes":""},"categories":[18],"tags":[],"class_list":["post-4571","post","type-post","status-publish","format-standard","has-post-thumbnail","hentry","category-actualites"],"_links":{"self":[{"href":"https:\/\/ladepeche.mr\/index.php?rest_route=\/wp\/v2\/posts\/4571","targetHints":{"allow":["GET"]}}],"collection":[{"href":"https:\/\/ladepeche.mr\/index.php?rest_route=\/wp\/v2\/posts"}],"about":[{"href":"https:\/\/ladepeche.mr\/index.php?rest_route=\/wp\/v2\/types\/post"}],"author":[{"embeddable":true,"href":"https:\/\/ladepeche.mr\/index.php?rest_route=\/wp\/v2\/users\/2"}],"replies":[{"embeddable":true,"href":"https:\/\/ladepeche.mr\/index.php?rest_route=%2Fwp%2Fv2%2Fcomments&post=4571"}],"version-history":[{"count":1,"href":"https:\/\/ladepeche.mr\/index.php?rest_route=\/wp\/v2\/posts\/4571\/revisions"}],"predecessor-version":[{"id":4572,"href":"https:\/\/ladepeche.mr\/index.php?rest_route=\/wp\/v2\/posts\/4571\/revisions\/4572"}],"wp:featuredmedia":[{"embeddable":true,"href":"https:\/\/ladepeche.mr\/index.php?rest_route=\/wp\/v2\/media\/4573"}],"wp:attachment":[{"href":"https:\/\/ladepeche.mr\/index.php?rest_route=%2Fwp%2Fv2%2Fmedia&parent=4571"}],"wp:term":[{"taxonomy":"category","embeddable":true,"href":"https:\/\/ladepeche.mr\/index.php?rest_route=%2Fwp%2Fv2%2Fcategories&post=4571"},{"taxonomy":"post_tag","embeddable":true,"href":"https:\/\/ladepeche.mr\/index.php?rest_route=%2Fwp%2Fv2%2Ftags&post=4571"}],"curies":[{"name":"wp","href":"https:\/\/api.w.org\/{rel}","templated":true}]}}