{"id":4575,"date":"2023-03-06T08:30:16","date_gmt":"2023-03-06T08:30:16","guid":{"rendered":"https:\/\/ladepeche.mr\/?p=4575"},"modified":"2023-03-06T11:55:40","modified_gmt":"2023-03-06T11:55:40","slug":"mutinerie-a-la-prison-civile-quatre-fugitifs-en-cavale","status":"publish","type":"post","link":"https:\/\/ladepeche.mr\/?p=4575","title":{"rendered":"Mutinerie \u00e0 la prison civile: quatre terroristes en cavale (identit\u00e9s)"},"content":{"rendered":"<p>Quatre prisonniers salafistes \u00e0 l\u2019origine de la mutinerie \u00e0 la prison civile de Nouakchott sont toujours recherch\u00e9s par les autorit\u00e9s s\u00e9curitaires, annonce-t-on officiellement \u00e0 Nouakchott.<br \/>\nLes autorit\u00e9s ont diffus\u00e9 les images des fugitifs et appel\u00e9 les citoyens \u00e0 rester vigilants et leur ont demand\u00e9 de signaler la pr\u00e9sence de tout individu suspect.<br \/>\nDes num\u00e9ros verts ont \u00e9t\u00e9 partag\u00e9s dans un communiqu\u00e9 pour aider \u00e0 l\u2019arrestation des fugitifs.<br \/>\nLes fugitifs sont Saleck Cheikh, Rassoul Chbih, MOHAMED Yeslem MOHAMED Mahmoud et Abdelkerim Aboubekr Sedigh.<br \/>\nSelon toute vraisemblance les terroristes en fuite ont profit\u00e9 de complicit\u00e9 en dehors de la prison pour s\u2019\u00e9vader. Un v\u00e9hicule l\u00e9ger les attendait \u00e0 leur sortie de prison. Il a \u00e9t\u00e9 retrouv\u00e9 \u00e0 Dar Naim, quartier populaire \u00e0 l\u2019est de la capitale.<br \/>\nUn bilan provisoire fait \u00e9tat de la mort de deux \u00e9l\u00e9ments des forces de s\u00e9curit\u00e9 et deux autres bless\u00e9s.<br \/>\nLes terroristes en fuite dont certains sont condamn\u00e9s \u00e0 mort sont poursuivis pour des attentats perp\u00e9tr\u00e9s en Mauritanie. <\/p>\n","protected":false},"excerpt":{"rendered":"<p>Quatre prisonniers salafistes \u00e0 l\u2019origine de la mutinerie \u00e0 la prison civile de Nouakchott sont toujours recherch\u00e9s par les autorit\u00e9s s\u00e9curitaires, annonce-t-on officiellement \u00e0 Nouakchott. Les autorit\u00e9s ont diffus\u00e9 les images des fugitifs et appel\u00e9 les citoyens \u00e0 rester vigilants et leur ont demand\u00e9 de signaler la pr\u00e9sence de tout individu suspect. Des num\u00e9ros verts &hellip;<\/p>\n","protected":false},"author":2,"featured_media":4576,"comment_status":"open","ping_status":"open","sticky":false,"template":"","format":"standard","meta":{"footnotes":""},"categories":[18],"tags":[],"class_list":["post-4575","post","type-post","status-publish","format-standard","has-post-thumbnail","hentry","category-actualites"],"_links":{"self":[{"href":"https:\/\/ladepeche.mr\/index.php?rest_route=\/wp\/v2\/posts\/4575","targetHints":{"allow":["GET"]}}],"collection":[{"href":"https:\/\/ladepeche.mr\/index.php?rest_route=\/wp\/v2\/posts"}],"about":[{"href":"https:\/\/ladepeche.mr\/index.php?rest_route=\/wp\/v2\/types\/post"}],"author":[{"embeddable":true,"href":"https:\/\/ladepeche.mr\/index.php?rest_route=\/wp\/v2\/users\/2"}],"replies":[{"embeddable":true,"href":"https:\/\/ladepeche.mr\/index.php?rest_route=%2Fwp%2Fv2%2Fcomments&post=4575"}],"version-history":[{"count":7,"href":"https:\/\/ladepeche.mr\/index.php?rest_route=\/wp\/v2\/posts\/4575\/revisions"}],"predecessor-version":[{"id":4593,"href":"https:\/\/ladepeche.mr\/index.php?rest_route=\/wp\/v2\/posts\/4575\/revisions\/4593"}],"wp:featuredmedia":[{"embeddable":true,"href":"https:\/\/ladepeche.mr\/index.php?rest_route=\/wp\/v2\/media\/4576"}],"wp:attachment":[{"href":"https:\/\/ladepeche.mr\/index.php?rest_route=%2Fwp%2Fv2%2Fmedia&parent=4575"}],"wp:term":[{"taxonomy":"category","embeddable":true,"href":"https:\/\/ladepeche.mr\/index.php?rest_route=%2Fwp%2Fv2%2Fcategories&post=4575"},{"taxonomy":"post_tag","embeddable":true,"href":"https:\/\/ladepeche.mr\/index.php?rest_route=%2Fwp%2Fv2%2Ftags&post=4575"}],"curies":[{"name":"wp","href":"https:\/\/api.w.org\/{rel}","templated":true}]}}