{"id":4582,"date":"2023-03-06T10:31:42","date_gmt":"2023-03-06T10:31:42","guid":{"rendered":"https:\/\/ladepeche.mr\/?p=4582"},"modified":"2023-03-06T10:34:14","modified_gmt":"2023-03-06T10:34:14","slug":"burkina-faso-le-gouvernement-denonce-un-accord-dassistance-militaire-avec-la-france","status":"publish","type":"post","link":"https:\/\/ladepeche.mr\/?p=4582","title":{"rendered":"Burkina Faso : le gouvernement d\u00e9nonce un accord d&#8217;assistance militaire avec la France"},"content":{"rendered":"<p>La coop\u00e9ration militaire Burkina Faso-France prend une nouvelle tournure. Quelques semaines apr\u00e8s avoir mis fin \u00e0 la pr\u00e9sence de militaires fran\u00e7ais sur le territoire burkinab\u00e9, les autorit\u00e9s de transition viennent de d\u00e9noncer un accord d\u2019assistance militaire datant de 1961 entre les deux pays. <\/p>\n<p>Le gouvernement du Burkina Faso a d\u00e9cid\u00e9 de mettre fin \u00e0 un accord d\u2019assistance militaire avec la France. L\u2019information a \u00e9t\u00e9 rendue publique par la presse mercredi 1er mars.<\/p>\n<p>Cet accord d&#8217;assistance militaire technique a \u00e9t\u00e9 sign\u00e9 en avril 1961, neuf mois apr\u00e8s la signature de l\u2019accord d\u2019ind\u00e9pendance du pays ouest-africain. L\u2019accord stipulait que la France \u00ab s&#8217;engage \u00e0 apporter \u00e0 la R\u00e9publique de Haute-Volta l&#8217;assistance de personnels militaires fran\u00e7ais pour l&#8217;organisation, l&#8217;encadrement et l&#8217;instruction des forces arm\u00e9es. La France fournira \u00e9galement tout ou partie des mat\u00e9riels et \u00e9quipements militaires n\u00e9cessaires \u00e0 la mise sur pied des forces arm\u00e9es \u00bb.<\/p>\n<p>L\u2019Etat burkinab\u00e9 d\u00e9nonce donc l\u2019accord ainsi que ces deux annexes d\u00e9finissant \u00ab le statut des membres des forces arm\u00e9es fran\u00e7aises sur le territoire de la R\u00e9publique de Haute-Volta et les modalit\u00e9s de l&#8217;aide et des facilit\u00e9s que les deux parties s&#8217;accordent r\u00e9ciproquement en mati\u00e8re de d\u00e9fense \u00bb.<\/p>\n<p>Selon le communiqu\u00e9 produit \u00e0 cet effet, les personnels militaires fran\u00e7ais en service dans les administrations militaires burkinab\u00e9es disposent d\u2019un mois pour leur d\u00e9part d\u00e9finitif.<\/p>\n<p>En janvier dernier, le pays sah\u00e9lien avait d\u00e9j\u00e0 d\u00e9nonc\u00e9 un accord sign\u00e9 en 2018 permettant aux forces fran\u00e7aises de disposer d\u2019une base au Burkina Faso. Ce qui a conduit au d\u00e9part de 400 forces sp\u00e9ciales fran\u00e7aises du pays. Lors d\u2019une interview accord\u00e9e \u00e0 la Radio-T\u00e9l\u00e9vision du Burkina (RTB), Jean-Emmanuel Ou\u00e9draogo, porte-parole du gouvernement burkinab\u00e9, avait toutefois tenu \u00e0 pr\u00e9ciser que l\u2019initiative ne signifiait pas la fin des relations diplomatiques entre le Burkina Faso et la France.<\/p>\n<p>Jean-Marc Gogbeu (https:\/\/www.agenceecofin.com\/cooperation\/0203-106063-burkina-faso-le-gouvernement-denonce-un-accord-dassistance-militaire-avec-la-france)<\/p>\n","protected":false},"excerpt":{"rendered":"<p>La coop\u00e9ration militaire Burkina Faso-France prend une nouvelle tournure. Quelques semaines apr\u00e8s avoir mis fin \u00e0 la pr\u00e9sence de militaires fran\u00e7ais sur le territoire burkinab\u00e9, les autorit\u00e9s de transition viennent de d\u00e9noncer un accord d\u2019assistance militaire datant de 1961 entre les deux pays. Le gouvernement du Burkina Faso a d\u00e9cid\u00e9 de mettre fin \u00e0 un &hellip;<\/p>\n","protected":false},"author":2,"featured_media":4584,"comment_status":"open","ping_status":"open","sticky":false,"template":"","format":"standard","meta":{"footnotes":""},"categories":[28],"tags":[],"class_list":["post-4582","post","type-post","status-publish","format-standard","has-post-thumbnail","hentry","category-sahel"],"_links":{"self":[{"href":"https:\/\/ladepeche.mr\/index.php?rest_route=\/wp\/v2\/posts\/4582","targetHints":{"allow":["GET"]}}],"collection":[{"href":"https:\/\/ladepeche.mr\/index.php?rest_route=\/wp\/v2\/posts"}],"about":[{"href":"https:\/\/ladepeche.mr\/index.php?rest_route=\/wp\/v2\/types\/post"}],"author":[{"embeddable":true,"href":"https:\/\/ladepeche.mr\/index.php?rest_route=\/wp\/v2\/users\/2"}],"replies":[{"embeddable":true,"href":"https:\/\/ladepeche.mr\/index.php?rest_route=%2Fwp%2Fv2%2Fcomments&post=4582"}],"version-history":[{"count":1,"href":"https:\/\/ladepeche.mr\/index.php?rest_route=\/wp\/v2\/posts\/4582\/revisions"}],"predecessor-version":[{"id":4583,"href":"https:\/\/ladepeche.mr\/index.php?rest_route=\/wp\/v2\/posts\/4582\/revisions\/4583"}],"wp:featuredmedia":[{"embeddable":true,"href":"https:\/\/ladepeche.mr\/index.php?rest_route=\/wp\/v2\/media\/4584"}],"wp:attachment":[{"href":"https:\/\/ladepeche.mr\/index.php?rest_route=%2Fwp%2Fv2%2Fmedia&parent=4582"}],"wp:term":[{"taxonomy":"category","embeddable":true,"href":"https:\/\/ladepeche.mr\/index.php?rest_route=%2Fwp%2Fv2%2Fcategories&post=4582"},{"taxonomy":"post_tag","embeddable":true,"href":"https:\/\/ladepeche.mr\/index.php?rest_route=%2Fwp%2Fv2%2Ftags&post=4582"}],"curies":[{"name":"wp","href":"https:\/\/api.w.org\/{rel}","templated":true}]}}