{"id":4589,"date":"2023-03-06T10:42:51","date_gmt":"2023-03-06T10:42:51","guid":{"rendered":"https:\/\/ladepeche.mr\/?p=4589"},"modified":"2023-03-06T10:42:51","modified_gmt":"2023-03-06T10:42:51","slug":"au-burkina-faso-un-couvre-feu-dun-mois-instaure-dans-plusieurs-provinces","status":"publish","type":"post","link":"https:\/\/ladepeche.mr\/?p=4589","title":{"rendered":"Au Burkina Faso, un couvre-feu d\u2019un mois instaur\u00e9 dans plusieurs provinces"},"content":{"rendered":"<p>Sous la pression des groupes jihadistes, les autorit\u00e9s r\u00e9gionales du Nord ont d\u00e9cid\u00e9 d\u2019imposer un couvre-feu pour faciliter les op\u00e9rations des forces arm\u00e9es.<br \/>\nUn couvre-feu a \u00e9t\u00e9 instaur\u00e9 dans toute la r\u00e9gion du Nord du Burkina Faso et dans deux autres provinces afin de lutter contre les jihadistes qui frappent r\u00e9guli\u00e8rement ces zones. \u00ab Dans le cadre de la lutte contre le terrorisme, un couvre-feu allant de 22 heures \u00e0 5 heures du matin est instaur\u00e9 sur toute l\u2019\u00e9tendue du territoire r\u00e9gional \u00e0 compter du vendredi 3 mars et jusqu\u2019au vendredi 31 mars \u00bb, indique une note du secr\u00e9taire g\u00e9n\u00e9ral du gouvernorat de la r\u00e9gion du Nord, Kouilga Albert Zongo.<br \/>\n\u00ab Durant cette p\u00e9riode, la circulation des personnes, des v\u00e9hicules \u00e0 quatre et deux roues, des tricycles (triporteur) et des v\u00e9los est formellement interdite \u00bb, a-t-il pr\u00e9cis\u00e9, invitant les populations \u00ab au strict respect de cette d\u00e9cision en restant chez elles aux heures et dates indiqu\u00e9es \u00bb. Cette mesure vise \u00e0 faciliter les actions des forces arm\u00e9es dans cette r\u00e9gion frontali\u00e8re du Mali.<br \/>\nLire la suite sur: https:\/\/www.msn.com\/fr-xl\/actualite\/other\/au-burkina-faso-un-couvre-feu-d-un-mois-instaur%C3%A9-dans-plusieurs-provinces\/ar-AA18gKkp<\/p>\n","protected":false},"excerpt":{"rendered":"<p>Sous la pression des groupes jihadistes, les autorit\u00e9s r\u00e9gionales du Nord ont d\u00e9cid\u00e9 d\u2019imposer un couvre-feu pour faciliter les op\u00e9rations des forces arm\u00e9es. Un couvre-feu a \u00e9t\u00e9 instaur\u00e9 dans toute la r\u00e9gion du Nord du Burkina Faso et dans deux autres provinces afin de lutter contre les jihadistes qui frappent r\u00e9guli\u00e8rement ces zones. \u00ab Dans &hellip;<\/p>\n","protected":false},"author":2,"featured_media":4590,"comment_status":"open","ping_status":"open","sticky":false,"template":"","format":"standard","meta":{"footnotes":""},"categories":[29,28],"tags":[],"class_list":["post-4589","post","type-post","status-publish","format-standard","has-post-thumbnail","hentry","category-monde","category-sahel"],"_links":{"self":[{"href":"https:\/\/ladepeche.mr\/index.php?rest_route=\/wp\/v2\/posts\/4589","targetHints":{"allow":["GET"]}}],"collection":[{"href":"https:\/\/ladepeche.mr\/index.php?rest_route=\/wp\/v2\/posts"}],"about":[{"href":"https:\/\/ladepeche.mr\/index.php?rest_route=\/wp\/v2\/types\/post"}],"author":[{"embeddable":true,"href":"https:\/\/ladepeche.mr\/index.php?rest_route=\/wp\/v2\/users\/2"}],"replies":[{"embeddable":true,"href":"https:\/\/ladepeche.mr\/index.php?rest_route=%2Fwp%2Fv2%2Fcomments&post=4589"}],"version-history":[{"count":1,"href":"https:\/\/ladepeche.mr\/index.php?rest_route=\/wp\/v2\/posts\/4589\/revisions"}],"predecessor-version":[{"id":4591,"href":"https:\/\/ladepeche.mr\/index.php?rest_route=\/wp\/v2\/posts\/4589\/revisions\/4591"}],"wp:featuredmedia":[{"embeddable":true,"href":"https:\/\/ladepeche.mr\/index.php?rest_route=\/wp\/v2\/media\/4590"}],"wp:attachment":[{"href":"https:\/\/ladepeche.mr\/index.php?rest_route=%2Fwp%2Fv2%2Fmedia&parent=4589"}],"wp:term":[{"taxonomy":"category","embeddable":true,"href":"https:\/\/ladepeche.mr\/index.php?rest_route=%2Fwp%2Fv2%2Fcategories&post=4589"},{"taxonomy":"post_tag","embeddable":true,"href":"https:\/\/ladepeche.mr\/index.php?rest_route=%2Fwp%2Fv2%2Ftags&post=4589"}],"curies":[{"name":"wp","href":"https:\/\/api.w.org\/{rel}","templated":true}]}}