{"id":4594,"date":"2023-03-06T22:14:48","date_gmt":"2023-03-06T22:14:48","guid":{"rendered":"https:\/\/ladepeche.mr\/?p=4594"},"modified":"2023-03-06T22:17:55","modified_gmt":"2023-03-06T22:17:55","slug":"traque-des-terroristes-assaut-contre-une-demeure-a-dar-naim","status":"publish","type":"post","link":"https:\/\/ladepeche.mr\/?p=4594","title":{"rendered":"Traque des terroristes: assaut contre une demeure \u00e0 Dar Naim"},"content":{"rendered":"<p>Les autorit\u00e9s s\u00e9curitaires ont pris d\u2019assaut, lundi apr\u00e8s-midi, dans le cadre de la chasse aux terroristes \u00e9vad\u00e9s de la prison civile de Nouakchott, une maison sise \u00e0 Dar Naim, a-t-on appris de bonne source.<br \/>\nElles auraient arr\u00eat\u00e9 et emmen\u00e9 deux personnes retrouv\u00e9es sur les lieux suspect\u00e9s.Dar Naim est le quartier populeux o\u00f9 les fugitifs avaient abandonn\u00e9 un v\u00e9hicule qui leur aurait servi dans leur fuite.<br \/>\nOn ne conna\u00eet pas encore l\u2019identit\u00e9 des personnes arr\u00eat\u00e9es. Toujours est-il qu\u2019il est de plus en plus \u00e9vident que les terroristes ont b\u00e9n\u00e9fici\u00e9 de complicit\u00e9 dans l\u2019organisation dimanche de la mutinerie au cours de laquelle deux soldats ont trouv\u00e9 la mort alors que deux autres ont \u00e9t\u00e9 l\u00e9g\u00e8rement bless\u00e9s.<br \/>\nQuatre prisonniers salafistes dont deux condamn\u00e9s \u00e0 mort et deux reclus pour de nombreuses ann\u00e9es pour leur implication dans des attentats sont toujours \u00e2prement recherch\u00e9s par les autorit\u00e9s de Nouakchott.<\/p>\n","protected":false},"excerpt":{"rendered":"<p>Les autorit\u00e9s s\u00e9curitaires ont pris d\u2019assaut, lundi apr\u00e8s-midi, dans le cadre de la chasse aux terroristes \u00e9vad\u00e9s de la prison civile de Nouakchott, une maison sise \u00e0 Dar Naim, a-t-on appris de bonne source. Elles auraient arr\u00eat\u00e9 et emmen\u00e9 deux personnes retrouv\u00e9es sur les lieux suspect\u00e9s.Dar Naim est le quartier populeux o\u00f9 les fugitifs avaient &hellip;<\/p>\n","protected":false},"author":2,"featured_media":4596,"comment_status":"open","ping_status":"open","sticky":false,"template":"","format":"standard","meta":{"footnotes":""},"categories":[18],"tags":[],"class_list":["post-4594","post","type-post","status-publish","format-standard","has-post-thumbnail","hentry","category-actualites"],"_links":{"self":[{"href":"https:\/\/ladepeche.mr\/index.php?rest_route=\/wp\/v2\/posts\/4594","targetHints":{"allow":["GET"]}}],"collection":[{"href":"https:\/\/ladepeche.mr\/index.php?rest_route=\/wp\/v2\/posts"}],"about":[{"href":"https:\/\/ladepeche.mr\/index.php?rest_route=\/wp\/v2\/types\/post"}],"author":[{"embeddable":true,"href":"https:\/\/ladepeche.mr\/index.php?rest_route=\/wp\/v2\/users\/2"}],"replies":[{"embeddable":true,"href":"https:\/\/ladepeche.mr\/index.php?rest_route=%2Fwp%2Fv2%2Fcomments&post=4594"}],"version-history":[{"count":4,"href":"https:\/\/ladepeche.mr\/index.php?rest_route=\/wp\/v2\/posts\/4594\/revisions"}],"predecessor-version":[{"id":4599,"href":"https:\/\/ladepeche.mr\/index.php?rest_route=\/wp\/v2\/posts\/4594\/revisions\/4599"}],"wp:featuredmedia":[{"embeddable":true,"href":"https:\/\/ladepeche.mr\/index.php?rest_route=\/wp\/v2\/media\/4596"}],"wp:attachment":[{"href":"https:\/\/ladepeche.mr\/index.php?rest_route=%2Fwp%2Fv2%2Fmedia&parent=4594"}],"wp:term":[{"taxonomy":"category","embeddable":true,"href":"https:\/\/ladepeche.mr\/index.php?rest_route=%2Fwp%2Fv2%2Fcategories&post=4594"},{"taxonomy":"post_tag","embeddable":true,"href":"https:\/\/ladepeche.mr\/index.php?rest_route=%2Fwp%2Fv2%2Ftags&post=4594"}],"curies":[{"name":"wp","href":"https:\/\/api.w.org\/{rel}","templated":true}]}}