{"id":4600,"date":"2023-03-07T17:31:17","date_gmt":"2023-03-07T17:31:17","guid":{"rendered":"https:\/\/ladepeche.mr\/?p=4600"},"modified":"2023-03-07T23:19:53","modified_gmt":"2023-03-07T23:19:53","slug":"cciam-un-ancien-premier-ministre-aux-commandes","status":"publish","type":"post","link":"https:\/\/ladepeche.mr\/?p=4600","title":{"rendered":"Cciam: Un ancien premier Ministre aux commandes"},"content":{"rendered":"<p>Cheikh El Avia Ould MOhamed Khouna, ancien premier Ministre, sous Taya, et ex-ambassadeur de Mauritanie, a \u00e9t\u00e9 \u00e9lu mardi par son assembl\u00e9e g\u00e9n\u00e9rale pr\u00e9sident de la Chambre de Commerce d\u2019Industrie et d\u2019Agriculture de Mauritanie (CCIAM).<br \/>\n\u00c9tablissement public \u00e0 caract\u00e8re professionnel, cr\u00e9\u00e9e en 1958, la Chambre de Commerce, d\u2019Industrie et d\u2019Agriculture de Mauritanie, a pour mission \u00ab\u00a0d\u2019encadrer et de repr\u00e9senter les int\u00e9r\u00eats \u00e9conomiques des entreprises commerciales, industrielles, agricoles, de p\u00eache et de prestation de service aupr\u00e8s des pouvoirs publics\u00a0\u00bb.<br \/>\nCheikh El Avia Ould MOhamed Khouna y remplace, AHMED Baba Ould Eleya.<br \/>\nLa r\u00e9cente restructuration de la CCIAM, en 2000, lui a permis de se red\u00e9ployer pour impulser sa coop\u00e9ration et ses partenariats internationaux.<\/p>\n","protected":false},"excerpt":{"rendered":"<p>Cheikh El Avia Ould MOhamed Khouna, ancien premier Ministre, sous Taya, et ex-ambassadeur de Mauritanie, a \u00e9t\u00e9 \u00e9lu mardi par son assembl\u00e9e g\u00e9n\u00e9rale pr\u00e9sident de la Chambre de Commerce d\u2019Industrie et d\u2019Agriculture de Mauritanie (CCIAM). \u00c9tablissement public \u00e0 caract\u00e8re professionnel, cr\u00e9\u00e9e en 1958, la Chambre de Commerce, d\u2019Industrie et d\u2019Agriculture de Mauritanie, a pour mission &hellip;<\/p>\n","protected":false},"author":2,"featured_media":4620,"comment_status":"open","ping_status":"open","sticky":false,"template":"","format":"standard","meta":{"footnotes":""},"categories":[18,2,25],"tags":[],"class_list":["post-4600","post","type-post","status-publish","format-standard","has-post-thumbnail","hentry","category-actualites","category-economie","category-en-forme"],"_links":{"self":[{"href":"https:\/\/ladepeche.mr\/index.php?rest_route=\/wp\/v2\/posts\/4600","targetHints":{"allow":["GET"]}}],"collection":[{"href":"https:\/\/ladepeche.mr\/index.php?rest_route=\/wp\/v2\/posts"}],"about":[{"href":"https:\/\/ladepeche.mr\/index.php?rest_route=\/wp\/v2\/types\/post"}],"author":[{"embeddable":true,"href":"https:\/\/ladepeche.mr\/index.php?rest_route=\/wp\/v2\/users\/2"}],"replies":[{"embeddable":true,"href":"https:\/\/ladepeche.mr\/index.php?rest_route=%2Fwp%2Fv2%2Fcomments&post=4600"}],"version-history":[{"count":1,"href":"https:\/\/ladepeche.mr\/index.php?rest_route=\/wp\/v2\/posts\/4600\/revisions"}],"predecessor-version":[{"id":4601,"href":"https:\/\/ladepeche.mr\/index.php?rest_route=\/wp\/v2\/posts\/4600\/revisions\/4601"}],"wp:featuredmedia":[{"embeddable":true,"href":"https:\/\/ladepeche.mr\/index.php?rest_route=\/wp\/v2\/media\/4620"}],"wp:attachment":[{"href":"https:\/\/ladepeche.mr\/index.php?rest_route=%2Fwp%2Fv2%2Fmedia&parent=4600"}],"wp:term":[{"taxonomy":"category","embeddable":true,"href":"https:\/\/ladepeche.mr\/index.php?rest_route=%2Fwp%2Fv2%2Fcategories&post=4600"},{"taxonomy":"post_tag","embeddable":true,"href":"https:\/\/ladepeche.mr\/index.php?rest_route=%2Fwp%2Fv2%2Ftags&post=4600"}],"curies":[{"name":"wp","href":"https:\/\/api.w.org\/{rel}","templated":true}]}}