{"id":4624,"date":"2023-03-07T23:59:48","date_gmt":"2023-03-07T23:59:48","guid":{"rendered":"https:\/\/ladepeche.mr\/?p=4624"},"modified":"2023-03-07T23:31:42","modified_gmt":"2023-03-07T23:31:42","slug":"retour-a-nouakchott-du-president-de-la-republique","status":"publish","type":"post","link":"https:\/\/ladepeche.mr\/?p=4624","title":{"rendered":"Retour \u00e0 Nouakchott du Pr\u00e9sident de la R\u00e9publique"},"content":{"rendered":"<p>Le Pr\u00e9sident de la R\u00e9publique, Son Excellence Monsieur Mohamed Ould Cheikh El Ghazouani, a regagn\u00e9 Nouakchott mardi en provenance d\u2019Abu Dhabi (\u00c9mirats Arabes Unis) \u00e0 l\u2019issue d\u2019une visite de travail et d\u2019amiti\u00e9.<\/p>\n<p>Le Pr\u00e9sident de la R\u00e9publique a \u00e9t\u00e9 accueilli \u00e0 l\u2019a\u00e9roport International de Nouakchott \u201cOumtounsy\u201d par le Premier ministre, M. Mohamed Ould Bilal Messoud, le ministre secr\u00e9taire g\u00e9n\u00e9ral de la Pr\u00e9sidence de la R\u00e9publique, la ministre conseill\u00e8re \u00e0 la Pr\u00e9sidence de la R\u00e9publique, les ministres de la Justice, des Affaires \u00e9trang\u00e8res, de la Coop\u00e9ration et des Mauritaniens de l\u2019Ext\u00e9rieur, de la D\u00e9fense nationale, de l\u2019Int\u00e9rieur et de la D\u00e9centralisation, le chef d\u2019\u00e9tat-major particulier du Pr\u00e9sident de la R\u00e9publique, la directrice adjointe de Cabinet du Pr\u00e9sident de la R\u00e9publique, le wali de Nouakchott Ouest et la vice-Pr\u00e9sidente de la r\u00e9gion de Nouakchott.<\/p>\n<p>Au cours de ce voyage, le Pr\u00e9sident de la R\u00e9publique \u00e9tait accompagn\u00e9 d\u2019une importante d\u00e9l\u00e9gation comprenant MM :<\/p>\n<p>\u2013 Ousmane Mamoudou Kane, ministre des Affaires \u00e9conomiques et de la Promotion des secteurs productifs ;<\/p>\n<p>\u2013 Abdessalam Ould Mohamed Saleh, ministre du P\u00e9trole, des Mines et de l\u2019\u00c9nergie ;<\/p>\n<p>\u2013 Ismail Ould Cheikh Ahmed, directeur de Cabinet du Pr\u00e9sident de la R\u00e9publique ;<\/p>\n<p>\u2013 Mohamed Ould Mohamedou, Charg\u00e9 d\u2019Affaires de l\u2019Ambassade de Mauritanie \u00e0 Doha ;<\/p>\n<p>\u2013 Sidi Ould Mohamed Laghdhaf, Repr\u00e9sentant permanent de la Mauritanie aupr\u00e8s des Nations Unies ;<\/p>\n<p>\u2013 Ahmed Ould Baha, dit Hmeida, conseiller \u00e0 la pr\u00e9sidence de la R\u00e9publique ;<\/p>\n<p>\u2013 Yahya Ould Kebd, charg\u00e9 de mission \u00e0 la Pr\u00e9sidence de la R\u00e9publique ;<\/p>\n<p>\u2013 Saleh Ould Dehmach, charg\u00e9 de mission \u00e0 la Pr\u00e9sidence de la R\u00e9publique ;<\/p>\n<p>\u2013 El Hassan Ould Ahmed, directeur g\u00e9n\u00e9ral du protocole d\u2019Etat ;<\/p>\n<p>Le Pr\u00e9sident de la R\u00e9publique \u00e9tait accompagn\u00e9 \u00e9galement d\u2019une d\u00e9l\u00e9gation d\u2019hommes d\u2019affaires conduite par M. Mohamed Zeine El Abidine Ould Cheikh Ahmed, pr\u00e9sident de l\u2019Union Nationale du Patronat Mauritanien (UNPM).<br \/>\nAmi<\/p>\n","protected":false},"excerpt":{"rendered":"<p>Le Pr\u00e9sident de la R\u00e9publique, Son Excellence Monsieur Mohamed Ould Cheikh El Ghazouani, a regagn\u00e9 Nouakchott mardi en provenance d\u2019Abu Dhabi (\u00c9mirats Arabes Unis) \u00e0 l\u2019issue d\u2019une visite de travail et d\u2019amiti\u00e9. Le Pr\u00e9sident de la R\u00e9publique a \u00e9t\u00e9 accueilli \u00e0 l\u2019a\u00e9roport International de Nouakchott \u201cOumtounsy\u201d par le Premier ministre, M. Mohamed Ould Bilal Messoud, &hellip;<\/p>\n","protected":false},"author":2,"featured_media":4625,"comment_status":"open","ping_status":"open","sticky":false,"template":"","format":"standard","meta":{"footnotes":""},"categories":[18],"tags":[],"class_list":["post-4624","post","type-post","status-publish","format-standard","has-post-thumbnail","hentry","category-actualites"],"_links":{"self":[{"href":"https:\/\/ladepeche.mr\/index.php?rest_route=\/wp\/v2\/posts\/4624","targetHints":{"allow":["GET"]}}],"collection":[{"href":"https:\/\/ladepeche.mr\/index.php?rest_route=\/wp\/v2\/posts"}],"about":[{"href":"https:\/\/ladepeche.mr\/index.php?rest_route=\/wp\/v2\/types\/post"}],"author":[{"embeddable":true,"href":"https:\/\/ladepeche.mr\/index.php?rest_route=\/wp\/v2\/users\/2"}],"replies":[{"embeddable":true,"href":"https:\/\/ladepeche.mr\/index.php?rest_route=%2Fwp%2Fv2%2Fcomments&post=4624"}],"version-history":[{"count":1,"href":"https:\/\/ladepeche.mr\/index.php?rest_route=\/wp\/v2\/posts\/4624\/revisions"}],"predecessor-version":[{"id":4626,"href":"https:\/\/ladepeche.mr\/index.php?rest_route=\/wp\/v2\/posts\/4624\/revisions\/4626"}],"wp:featuredmedia":[{"embeddable":true,"href":"https:\/\/ladepeche.mr\/index.php?rest_route=\/wp\/v2\/media\/4625"}],"wp:attachment":[{"href":"https:\/\/ladepeche.mr\/index.php?rest_route=%2Fwp%2Fv2%2Fmedia&parent=4624"}],"wp:term":[{"taxonomy":"category","embeddable":true,"href":"https:\/\/ladepeche.mr\/index.php?rest_route=%2Fwp%2Fv2%2Fcategories&post=4624"},{"taxonomy":"post_tag","embeddable":true,"href":"https:\/\/ladepeche.mr\/index.php?rest_route=%2Fwp%2Fv2%2Ftags&post=4624"}],"curies":[{"name":"wp","href":"https:\/\/api.w.org\/{rel}","templated":true}]}}