{"id":4629,"date":"2023-03-08T10:39:45","date_gmt":"2023-03-08T10:39:45","guid":{"rendered":"https:\/\/ladepeche.mr\/?p=4629"},"modified":"2023-03-08T10:44:17","modified_gmt":"2023-03-08T10:44:17","slug":"plainte-contre-mohamed-abba-sidi-jeylani-larroseur-arrose","status":"publish","type":"post","link":"https:\/\/ladepeche.mr\/?p=4629","title":{"rendered":"Plainte contre Mohamed Abba Sidi Jeylani: l\u2019arroseur arros\u00e9"},"content":{"rendered":"<p>Une plainte contre le pr\u00e9sident de la commission nationale de contr\u00f4le des march\u00e9s publics, MOhamed Ould Abba Sidi Jeylani, doubl\u00e9e d\u2019une demande en r\u00e9paration, a \u00e9t\u00e9 d\u00e9pos\u00e9e devant le tribunal de la moughataa de Tevragh-Zeina par le sieur Mohamed Ahmed Salem Tewvigh.<br \/>\nLe plaignant qui avait lui-m\u00eame fait l\u2019objet d\u2019une interpellation du procureur suite \u00e0 une plainte de Mohamed Abba Sidi Jeylani avant d\u2019\u00eatre relax\u00e9 faute de preuve estime avoir subi un pr\u00e9judice moral et mat\u00e9riel des suites de cette interpellation.<\/p>\n","protected":false},"excerpt":{"rendered":"<p>Une plainte contre le pr\u00e9sident de la commission nationale de contr\u00f4le des march\u00e9s publics, MOhamed Ould Abba Sidi Jeylani, doubl\u00e9e d\u2019une demande en r\u00e9paration, a \u00e9t\u00e9 d\u00e9pos\u00e9e devant le tribunal de la moughataa de Tevragh-Zeina par le sieur Mohamed Ahmed Salem Tewvigh. Le plaignant qui avait lui-m\u00eame fait l\u2019objet d\u2019une interpellation du procureur suite \u00e0 &hellip;<\/p>\n","protected":false},"author":2,"featured_media":4631,"comment_status":"open","ping_status":"open","sticky":false,"template":"","format":"standard","meta":{"footnotes":""},"categories":[26],"tags":[],"class_list":["post-4629","post","type-post","status-publish","format-standard","has-post-thumbnail","hentry","category-en-panne"],"_links":{"self":[{"href":"https:\/\/ladepeche.mr\/index.php?rest_route=\/wp\/v2\/posts\/4629","targetHints":{"allow":["GET"]}}],"collection":[{"href":"https:\/\/ladepeche.mr\/index.php?rest_route=\/wp\/v2\/posts"}],"about":[{"href":"https:\/\/ladepeche.mr\/index.php?rest_route=\/wp\/v2\/types\/post"}],"author":[{"embeddable":true,"href":"https:\/\/ladepeche.mr\/index.php?rest_route=\/wp\/v2\/users\/2"}],"replies":[{"embeddable":true,"href":"https:\/\/ladepeche.mr\/index.php?rest_route=%2Fwp%2Fv2%2Fcomments&post=4629"}],"version-history":[{"count":2,"href":"https:\/\/ladepeche.mr\/index.php?rest_route=\/wp\/v2\/posts\/4629\/revisions"}],"predecessor-version":[{"id":4633,"href":"https:\/\/ladepeche.mr\/index.php?rest_route=\/wp\/v2\/posts\/4629\/revisions\/4633"}],"wp:featuredmedia":[{"embeddable":true,"href":"https:\/\/ladepeche.mr\/index.php?rest_route=\/wp\/v2\/media\/4631"}],"wp:attachment":[{"href":"https:\/\/ladepeche.mr\/index.php?rest_route=%2Fwp%2Fv2%2Fmedia&parent=4629"}],"wp:term":[{"taxonomy":"category","embeddable":true,"href":"https:\/\/ladepeche.mr\/index.php?rest_route=%2Fwp%2Fv2%2Fcategories&post=4629"},{"taxonomy":"post_tag","embeddable":true,"href":"https:\/\/ladepeche.mr\/index.php?rest_route=%2Fwp%2Fv2%2Ftags&post=4629"}],"curies":[{"name":"wp","href":"https:\/\/api.w.org\/{rel}","templated":true}]}}