{"id":4644,"date":"2023-03-08T18:36:00","date_gmt":"2023-03-08T18:36:00","guid":{"rendered":"https:\/\/ladepeche.mr\/?p=4644"},"modified":"2023-03-08T18:36:00","modified_gmt":"2023-03-08T18:36:00","slug":"f-encel-sur-paris-match-la-france-doit-privilegier-le-maroc-pays-francophile-car-il-est-son-partenaire-naturel-dans-la-region-lallie-dans-la-lutte-contre-le-djihadisme-et-mem","status":"publish","type":"post","link":"https:\/\/ladepeche.mr\/?p=4644","title":{"rendered":"F. Encel sur Paris-Match: \u00abLa France doit privil\u00e9gier le Maroc, pays francophile, car il est son partenaire naturel dans la r\u00e9gion, l\u2019allie\u0301 dans la lutte contre le djihadisme et m\u00eame contre la mont\u00e9e d\u2019influence de l\u2019Iran chiite au Moyen-Orient&#8230;. \u00bb"},"content":{"rendered":"<p>\u00abLa France doit privil\u00e9gier le Maroc, pays francophile, car il est son partenaire naturel dans la re\u0301gion, l\u2019allie\u0301 dans la lutte contre le djihadisme et m\u00eame contre la mont\u00e9e d\u2019influence de l\u2019Iran chiite au Moyen-Orient\u00bb. Ce constat, sans appel, ne sort pas de n\u2019importe quelle bouche. La conclusion est de Fr\u00e9d\u00e9ric Encel, auteur fran\u00e7ais, g\u00e9opolitologue, professeur de relations internationales et de sciences politiques, ma\u00eetre de conf\u00e9rences \u00e0 Siences Po. Fr\u00e9d\u00e9ric Encel est aussi intervenant \u00e0 l&#8217;Institut des hautes \u00e9tudes de d\u00e9fense nationale (IHEDN).<br \/>\n Il \u00e9tait invit\u00e9 par Paris Match \u00e0 d\u00e9crypter les enjeux strat\u00e9giques pour son pays de la r\u00e9cente visite du pr\u00e9sident Macron en Afrique.  Dans son analyse, l\u2019auteur \u00abLes voies de la puissance\u00bb, qui a obtenu le prix du livre en g\u00e9opolitique, fait cette digression pour rappeler que la majorit\u00e9 des pays visit\u00e9s par Emmanuel Macron \u00ab sont ralli\u00e9s a\u0300 la position du Maroc sur le Sahara occidental\u00bb.<br \/>\nFort de la perspicacit\u00e9 du chercheur et de l\u2019analyse du g\u00e9opolitologue, F.Encel ne m\u00e2che pas ses mots et assume ses d\u00e9ductions. \u00ab Les Marocains sont en train de conqu\u00e9rir des marche\u0301s tr\u00e8s importants gra\u0302ce a\u0300 un franc\u0327ais impeccable et un niveau socio-\u00e9ducatif, manag\u00e9rial et professionnel de plus en plus \u00e9lev\u00e9\u0301\u00bb exhume F. Encel pour mettre Paris en garde contre des choix politiques incons\u00e9quents et irr\u00e9fl\u00e9chis au Maghreb. Un sacrifice irr\u00e9fl\u00e9chi et inutile qui pourrait sans doute avoir de lourdes de cons\u00e9quences pour les relations strat\u00e9giques de la France au Maghreb, au moment o\u00f9 sa pr\u00e9sence est contest\u00e9e dans ses anciennes colonies d\u2019Afrique de l\u2019Ouest.<br \/>\n\u00abL\u2019erreur majeure de Paris, ce sont les tentatives de rapprochement avec l\u2019Alg\u00e9rie, jusque-la\u0300 ste\u0301riles. La France doit privile\u0301gier le Maroc, pays francophile, car il est son partenaire naturel dans la re\u0301gion, l\u2019allie\u0301 dans la lutte contre le djihadisme et me\u0302me contre la monte\u0301e d\u2019influence de l\u2019Iran chiite au Moyen-Orient \u00bb rench\u00e9rit avec certitude F.Encel r\u00e9pondant aux questions des journalistes de Paris Match. Une vision prospective \u00e0 la lumi\u00e8re de l\u2019interpellation mardi devant la Commission des Affaires \u00e9trang\u00e8res de l\u2019Assembl\u00e9e nationale de Catherine Colonna, la ministre des Affaires \u00e9trang\u00e8res.<br \/>\nPour l\u2019auteur et essayiste fran\u00e7ais, laur\u00e9at en 2015 du Grand prix de la Soci\u00e9t\u00e9 de G\u00e9ographie et en 2022 du Prix du livre g\u00e9opolitique, la France et le Maroc ont ensemble plusieurs facteurs de convergences et de symbioses susceptibles de favoriser une osmose strat\u00e9gique dans un monde en \u00e9bullition. \u00abSur quantit\u00e9\u0301 de sujets, nous sommes dans le m\u00eame camp que le royaume ch\u00e9rifien et partageons des int\u00e9r\u00eats fondamentaux \u00bb conclut Fr\u00e9d\u00e9ric Encel.<\/p>\n<p>(avec m\u00e9dia)<\/p>\n","protected":false},"excerpt":{"rendered":"<p>\u00abLa France doit privil\u00e9gier le Maroc, pays francophile, car il est son partenaire naturel dans la re\u0301gion, l\u2019allie\u0301 dans la lutte contre le djihadisme et m\u00eame contre la mont\u00e9e d\u2019influence de l\u2019Iran chiite au Moyen-Orient\u00bb. Ce constat, sans appel, ne sort pas de n\u2019importe quelle bouche. La conclusion est de Fr\u00e9d\u00e9ric Encel, auteur fran\u00e7ais, g\u00e9opolitologue, &hellip;<\/p>\n","protected":false},"author":2,"featured_media":4646,"comment_status":"open","ping_status":"open","sticky":false,"template":"","format":"standard","meta":{"footnotes":""},"categories":[18,29],"tags":[],"class_list":["post-4644","post","type-post","status-publish","format-standard","has-post-thumbnail","hentry","category-actualites","category-monde"],"_links":{"self":[{"href":"https:\/\/ladepeche.mr\/index.php?rest_route=\/wp\/v2\/posts\/4644","targetHints":{"allow":["GET"]}}],"collection":[{"href":"https:\/\/ladepeche.mr\/index.php?rest_route=\/wp\/v2\/posts"}],"about":[{"href":"https:\/\/ladepeche.mr\/index.php?rest_route=\/wp\/v2\/types\/post"}],"author":[{"embeddable":true,"href":"https:\/\/ladepeche.mr\/index.php?rest_route=\/wp\/v2\/users\/2"}],"replies":[{"embeddable":true,"href":"https:\/\/ladepeche.mr\/index.php?rest_route=%2Fwp%2Fv2%2Fcomments&post=4644"}],"version-history":[{"count":1,"href":"https:\/\/ladepeche.mr\/index.php?rest_route=\/wp\/v2\/posts\/4644\/revisions"}],"predecessor-version":[{"id":4645,"href":"https:\/\/ladepeche.mr\/index.php?rest_route=\/wp\/v2\/posts\/4644\/revisions\/4645"}],"wp:featuredmedia":[{"embeddable":true,"href":"https:\/\/ladepeche.mr\/index.php?rest_route=\/wp\/v2\/media\/4646"}],"wp:attachment":[{"href":"https:\/\/ladepeche.mr\/index.php?rest_route=%2Fwp%2Fv2%2Fmedia&parent=4644"}],"wp:term":[{"taxonomy":"category","embeddable":true,"href":"https:\/\/ladepeche.mr\/index.php?rest_route=%2Fwp%2Fv2%2Fcategories&post=4644"},{"taxonomy":"post_tag","embeddable":true,"href":"https:\/\/ladepeche.mr\/index.php?rest_route=%2Fwp%2Fv2%2Ftags&post=4644"}],"curies":[{"name":"wp","href":"https:\/\/api.w.org\/{rel}","templated":true}]}}