{"id":4647,"date":"2023-03-09T08:02:07","date_gmt":"2023-03-09T08:02:07","guid":{"rendered":"https:\/\/ladepeche.mr\/?p=4647"},"modified":"2023-03-09T11:21:22","modified_gmt":"2023-03-09T11:21:22","slug":"communique-du-conseil-constitutionnel","status":"publish","type":"post","link":"https:\/\/ladepeche.mr\/?p=4647","title":{"rendered":"Proc\u00e8s de l&#8217;ancien pr\u00e9sident: Communiqu\u00e9 du conseil constitutionnel"},"content":{"rendered":"<p>\u00ab Le conseil constitutionnel a \u00e9t\u00e9 saisi le 27\/02\/2023 par l\u2019ancien Pr\u00e9sident Mohamed Ould Abdel Aziz et sa d\u00e9fense pour exception d\u2019inconstitutionnalit\u00e9 \u00e0 l\u2019occasion d\u2019un proc\u00e8s en cours.<\/p>\n<p>Ce recours a \u00e9t\u00e9 jug\u00e9 recevable par le Conseil constitutionnel aux termes de l\u2019article 86 (nouveau) de la Constitution qui stipule : (\u2026.le conseil constitutionnel est comp\u00e9tent pour connaitre d\u2019une exception d\u2019inconstitutionnalit\u00e9 soulev\u00e9e au cours d\u2019un proc\u00e8s lorsqu\u2019il est soutenu par l\u2019une des parties que la loi dont d\u00e9pend l\u2019issue du litige porte atteinte aux droits et libert\u00e9s garantis par la constitution.<\/p>\n<p>Apr\u00e8s avoir d\u00e9lib\u00e9r\u00e9 sur le fond, dans sa s\u00e9ance du 06\/03\/2023, le Conseil Constitutionnel a pris la d\u00e9cision suivante :<\/p>\n<p>\u2013 Le recours est d\u00e9clar\u00e9 recevable en la forme conform\u00e9ment \u00e0 l\u2019article 86 (nouveau) de la Constitution et \u00e0 l\u2019article 4 de la loi organique N\u00b0 2018\/013, en date du 15 F\u00e9vrier 2018 portant recomposition du Conseil constitutionnel.<\/p>\n<p>\u2013 L\u2019article 16 de la loi N\u00b0 2016\/014 en date du 15 Avril 2016 relative \u00e0 la lutte contre la corruption n\u2019est pas contraire \u00e0 la Constitution.<\/p>\n<p>\u2013 L\u2019article 47 de la loi relative \u00e0 la lutte contre la corruption n\u2019est pas contraire \u00e0 la Constitution sous r\u00e9serve d\u2019exclure les \u00ab structures et organes charg\u00e9es de l\u2019instruction et du jugement \u00bb.<br \/>\nVIA L\u2019Ami<\/p>\n","protected":false},"excerpt":{"rendered":"<p>\u00ab Le conseil constitutionnel a \u00e9t\u00e9 saisi le 27\/02\/2023 par l\u2019ancien Pr\u00e9sident Mohamed Ould Abdel Aziz et sa d\u00e9fense pour exception d\u2019inconstitutionnalit\u00e9 \u00e0 l\u2019occasion d\u2019un proc\u00e8s en cours. Ce recours a \u00e9t\u00e9 jug\u00e9 recevable par le Conseil constitutionnel aux termes de l\u2019article 86 (nouveau) de la Constitution qui stipule : (\u2026.le conseil constitutionnel est comp\u00e9tent &hellip;<\/p>\n","protected":false},"author":2,"featured_media":4649,"comment_status":"open","ping_status":"open","sticky":false,"template":"","format":"standard","meta":{"footnotes":""},"categories":[18],"tags":[],"class_list":["post-4647","post","type-post","status-publish","format-standard","has-post-thumbnail","hentry","category-actualites"],"_links":{"self":[{"href":"https:\/\/ladepeche.mr\/index.php?rest_route=\/wp\/v2\/posts\/4647","targetHints":{"allow":["GET"]}}],"collection":[{"href":"https:\/\/ladepeche.mr\/index.php?rest_route=\/wp\/v2\/posts"}],"about":[{"href":"https:\/\/ladepeche.mr\/index.php?rest_route=\/wp\/v2\/types\/post"}],"author":[{"embeddable":true,"href":"https:\/\/ladepeche.mr\/index.php?rest_route=\/wp\/v2\/users\/2"}],"replies":[{"embeddable":true,"href":"https:\/\/ladepeche.mr\/index.php?rest_route=%2Fwp%2Fv2%2Fcomments&post=4647"}],"version-history":[{"count":2,"href":"https:\/\/ladepeche.mr\/index.php?rest_route=\/wp\/v2\/posts\/4647\/revisions"}],"predecessor-version":[{"id":4650,"href":"https:\/\/ladepeche.mr\/index.php?rest_route=\/wp\/v2\/posts\/4647\/revisions\/4650"}],"wp:featuredmedia":[{"embeddable":true,"href":"https:\/\/ladepeche.mr\/index.php?rest_route=\/wp\/v2\/media\/4649"}],"wp:attachment":[{"href":"https:\/\/ladepeche.mr\/index.php?rest_route=%2Fwp%2Fv2%2Fmedia&parent=4647"}],"wp:term":[{"taxonomy":"category","embeddable":true,"href":"https:\/\/ladepeche.mr\/index.php?rest_route=%2Fwp%2Fv2%2Fcategories&post=4647"},{"taxonomy":"post_tag","embeddable":true,"href":"https:\/\/ladepeche.mr\/index.php?rest_route=%2Fwp%2Fv2%2Ftags&post=4647"}],"curies":[{"name":"wp","href":"https:\/\/api.w.org\/{rel}","templated":true}]}}