{"id":4656,"date":"2023-03-09T11:39:15","date_gmt":"2023-03-09T11:39:15","guid":{"rendered":"https:\/\/ladepeche.mr\/?p=4656"},"modified":"2023-03-09T11:39:15","modified_gmt":"2023-03-09T11:39:15","slug":"les-mauritaniennes-commemorent-le-8-mars-sous-le-theme-les-nouvelles-technologies-un-levier-de-participation-politique","status":"publish","type":"post","link":"https:\/\/ladepeche.mr\/?p=4656","title":{"rendered":"Les mauritaniennes comm\u00e9morent le 8 mars sous le th\u00e8me \u201cLes nouvelles technologies: un levier de participation politique"},"content":{"rendered":"<p>Sous le haut patronage de la Premi\u00e8re Dame Mme Mariem Fadel Dah, la ministre des Affaires sociales, de l\u2019Enfance et de la Famille, Mme Savia Mint N\u2019Tahah, a supervis\u00e9 mercredi \u00e0 Nouakchott, le lancement d\u2019activit\u00e9s comm\u00e9morant la Journ\u00e9e internationale de la femme, sous le slogan \u201cFaisons des nouvelles technologies un levier de participation politique et d\u2019autonomisation \u00e9conomique des femmes.<\/p>\n<p>Dans une allocution prononc\u00e9e \u00e0 cette occasion, la ministre a soulign\u00e9 les efforts d\u00e9ploy\u00e9s en faveur de la femme gr\u00e2ce \u00e0 la volont\u00e9 politique de Son Excellence le Pr\u00e9sident de la R\u00e9publique, M. Mohamed Ould Cheikh El Ghazouani, notant les progr\u00e8s r\u00e9alis\u00e9s dans le domaine de l\u2019acc\u00e8s des femmes aux postes de d\u00e9cision, o\u00f9 le pourcentage de femmes au gouvernement est de l\u2019ordre de 22 %, et au Parlement de 20 %.<\/p>\n<p>Au niveau des pr\u00e9sidents de conseils r\u00e9gionaux, elles repr\u00e9sentent 13 %, contre 42 % des conseillers r\u00e9gionaux et 35 % des conseillers municipaux, en plus de cinq femmes ambassadrices. Concernant l\u2019autonomisation \u00e9conomique des femmes, la ministre a expliqu\u00e9 que le gouvernement a mis en place un programme de microfinance qui a b\u00e9n\u00e9fici\u00e9 \u00e0 environ 4 500 femmes, dont 800 femmes ayant des besoins sp\u00e9cifiques.<\/p>\n<p>Elle a indiqu\u00e9 que dans le cadre de la comm\u00e9moration de cette journ\u00e9e, un march\u00e9 des femmes productrices sera r\u00e9alis\u00e9 dans la wilaya de Nouakchott- Nord, et la diffusion de la cha\u00eene \u2018\u2019El Ousra\u2019\u2019, qui est la premi\u00e8re cha\u00eene sp\u00e9cialis\u00e9e dans les affaires sociales, sera lanc\u00e9e.<br \/>\nMme Savia Mint N\u2019Tahah a ajout\u00e9 que le d\u00e9partement de l\u2019Action sociale, de l\u2019Enfance et de la Famille ouvrira le premier lot de centres d\u2019audition d\u00e9di\u00e9s aux femmes victimes de violences dans toutes les wilayas de Nouakchott, soulignant que des travaux sont en cours pour lancer un fonds de garantie pour collecter les pensions alimentaires.<\/p>\n<p>Elle a soulign\u00e9 que l\u2019am\u00e9lioration des indicateurs li\u00e9s au statut des femmes passe par le renforcement de l\u2019arsenal juridique qui les prot\u00e8ge.<\/p>\n<p>La ministre a indiqu\u00e9 que le minist\u00e8re a sign\u00e9 un accord avec le Programme des Nations Unies pour le d\u00e9veloppement pour soutenir la participation politique des femmes, ajoutant que cette ann\u00e9e, des convois de sensibilisation seront consacr\u00e9s \u00e0 cette question dans les wilayas du pays.<\/p>\n<p>Pour sa part, le repr\u00e9sentant du Programme des Nations Unies en Mauritanie, M. Cheikh Fall, a affirm\u00e9 l\u2019engagement des Nations Unies \u00e0 soutenir les efforts d\u00e9ploy\u00e9s par le gouvernement et ses partenaires pour l\u2019\u00e9galit\u00e9 des chances entre les femmes et les hommes.<\/p>\n<p>Il a expliqu\u00e9 que le programme \u00ab Mes promesses \u00bb de Son Excellence le Pr\u00e9sident de la R\u00e9publique, M. Mohamed Ould Cheikh El Ghazouani, repose sur une vision globale d\u2019un d\u00e9veloppement politique, \u00e9conomique et social \u00e9quitable qui renforce \u00e9galement l\u2019autonomisation des femmes pour une participation efficace dans divers secteurs.<\/p>\n<p>Les activit\u00e9s de comm\u00e9moration de la journ\u00e9e internationale de la femme ont vu la distribution de prix aux laur\u00e9ates de l\u2019Exposition des produits f\u00e9minins, financ\u00e9e par la r\u00e9gion de Nouakchott.<br \/>\nLa c\u00e9r\u00e9monie s\u2019est d\u00e9roul\u00e9e en pr\u00e9sence de plusieurs membres du gouvernement et de repr\u00e9sentants des autorit\u00e9s administratives et d\u2019autres responsables de la wilaya de Nouakchott- Ouest.<br \/>\nAmi<\/p>\n","protected":false},"excerpt":{"rendered":"<p>Sous le haut patronage de la Premi\u00e8re Dame Mme Mariem Fadel Dah, la ministre des Affaires sociales, de l\u2019Enfance et de la Famille, Mme Savia Mint N\u2019Tahah, a supervis\u00e9 mercredi \u00e0 Nouakchott, le lancement d\u2019activit\u00e9s comm\u00e9morant la Journ\u00e9e internationale de la femme, sous le slogan \u201cFaisons des nouvelles technologies un levier de participation politique et &hellip;<\/p>\n","protected":false},"author":2,"featured_media":4657,"comment_status":"open","ping_status":"open","sticky":false,"template":"","format":"standard","meta":{"footnotes":""},"categories":[15,29],"tags":[],"class_list":["post-4656","post","type-post","status-publish","format-standard","has-post-thumbnail","hentry","category-culture","category-monde"],"_links":{"self":[{"href":"https:\/\/ladepeche.mr\/index.php?rest_route=\/wp\/v2\/posts\/4656","targetHints":{"allow":["GET"]}}],"collection":[{"href":"https:\/\/ladepeche.mr\/index.php?rest_route=\/wp\/v2\/posts"}],"about":[{"href":"https:\/\/ladepeche.mr\/index.php?rest_route=\/wp\/v2\/types\/post"}],"author":[{"embeddable":true,"href":"https:\/\/ladepeche.mr\/index.php?rest_route=\/wp\/v2\/users\/2"}],"replies":[{"embeddable":true,"href":"https:\/\/ladepeche.mr\/index.php?rest_route=%2Fwp%2Fv2%2Fcomments&post=4656"}],"version-history":[{"count":1,"href":"https:\/\/ladepeche.mr\/index.php?rest_route=\/wp\/v2\/posts\/4656\/revisions"}],"predecessor-version":[{"id":4658,"href":"https:\/\/ladepeche.mr\/index.php?rest_route=\/wp\/v2\/posts\/4656\/revisions\/4658"}],"wp:featuredmedia":[{"embeddable":true,"href":"https:\/\/ladepeche.mr\/index.php?rest_route=\/wp\/v2\/media\/4657"}],"wp:attachment":[{"href":"https:\/\/ladepeche.mr\/index.php?rest_route=%2Fwp%2Fv2%2Fmedia&parent=4656"}],"wp:term":[{"taxonomy":"category","embeddable":true,"href":"https:\/\/ladepeche.mr\/index.php?rest_route=%2Fwp%2Fv2%2Fcategories&post=4656"},{"taxonomy":"post_tag","embeddable":true,"href":"https:\/\/ladepeche.mr\/index.php?rest_route=%2Fwp%2Fv2%2Ftags&post=4656"}],"curies":[{"name":"wp","href":"https:\/\/api.w.org\/{rel}","templated":true}]}}