{"id":4659,"date":"2023-03-09T12:00:40","date_gmt":"2023-03-09T12:00:40","guid":{"rendered":"https:\/\/ladepeche.mr\/?p=4659"},"modified":"2023-03-09T12:00:55","modified_gmt":"2023-03-09T12:00:55","slug":"communique-de-presse-8-mars-2023-celebration-de-la-journee-internationale-des-droits-des-femmes-a-la-moughataa-de-sebkha","status":"publish","type":"post","link":"https:\/\/ladepeche.mr\/?p=4659","title":{"rendered":"COMMUNIQUE DE PRESSE 8 mars 2023: C\u00e9l\u00e9bration de la Journ\u00e9e internationale des droits des femmes \u00e0 la Moughataa de Sebkha"},"content":{"rendered":"<p>Le 8 mars 2023, la moughataa de Sebkha c\u00e9l\u00e8bre la Journ\u00e9e Internationale des Droits des Femmes-<br \/>\nA l\u2019occasion du 8 mars 2023, la moughataa de Sebkha a c\u00e9l\u00e9br\u00e9 les droits des femmes avec ses partenaires Sant\u00e9 Sud, ENABEL, SOS Pairs Educateurs, l\u2019Association des Femmes Cheffes de Famille (AFCF), l\u2019Association des Sages-Femmes de Mauritanie (ASFM) et l\u2019Association de Soutien aux Dr\u00e9panocytaires de Mauritanie (ASDM).<br \/>\nR\u00e9unis au Centre de Sant\u00e9 de la moughataa de Sebkha avec la population du quartier, les partenaires ont mis \u00e0 l\u2019honneur le droit \u00e0 la sant\u00e9 des femmes autour d\u2019activit\u00e9s festives : sketchs de sensibilisation, causeries et d\u00e9bats sur les droits en sant\u00e9 sexuelle et reproductive.<br \/>\nLes sages-femmes ont \u00e9galement \u00e9t\u00e9 mises en avant en tant que profession clef engag\u00e9e pour le droit \u00e0 la sant\u00e9 des femmes. L\u2019occasion pour l\u2019Association des Sages-Femmes de Mauritanie (ASFM) de rappeler les 11 comp\u00e9tences des sages-femmes et leur r\u00f4le essentiel pour la sant\u00e9 de la femme, tout au long de sa vie.<br \/>\nA travers cette journ\u00e9e, le Centre de Sant\u00e9 de Sebkha et ses partenaires ont renouvel\u00e9 aupr\u00e8s de la population et des femmes r\u00e9unies leur engagement pour les droits en sant\u00e9 sexuelle et reproductive.<br \/>\nCet engagement est rendu possible gr\u00e2ce au soutien de l\u2019Initiative, mise en \u0153uvre par Expertise France, de l\u2019Agence Fran\u00e7aise de D\u00e9veloppement et de la Direction de la Coop\u00e9ration Internationale de Monaco.<\/p>\n","protected":false},"excerpt":{"rendered":"<p>Le 8 mars 2023, la moughataa de Sebkha c\u00e9l\u00e8bre la Journ\u00e9e Internationale des Droits des Femmes- A l\u2019occasion du 8 mars 2023, la moughataa de Sebkha a c\u00e9l\u00e9br\u00e9 les droits des femmes avec ses partenaires Sant\u00e9 Sud, ENABEL, SOS Pairs Educateurs, l\u2019Association des Femmes Cheffes de Famille (AFCF), l\u2019Association des Sages-Femmes de Mauritanie (ASFM) et &hellip;<\/p>\n","protected":false},"author":2,"featured_media":4661,"comment_status":"open","ping_status":"open","sticky":false,"template":"","format":"standard","meta":{"footnotes":""},"categories":[15,19],"tags":[],"class_list":["post-4659","post","type-post","status-publish","format-standard","has-post-thumbnail","hentry","category-culture","category-tribune"],"_links":{"self":[{"href":"https:\/\/ladepeche.mr\/index.php?rest_route=\/wp\/v2\/posts\/4659","targetHints":{"allow":["GET"]}}],"collection":[{"href":"https:\/\/ladepeche.mr\/index.php?rest_route=\/wp\/v2\/posts"}],"about":[{"href":"https:\/\/ladepeche.mr\/index.php?rest_route=\/wp\/v2\/types\/post"}],"author":[{"embeddable":true,"href":"https:\/\/ladepeche.mr\/index.php?rest_route=\/wp\/v2\/users\/2"}],"replies":[{"embeddable":true,"href":"https:\/\/ladepeche.mr\/index.php?rest_route=%2Fwp%2Fv2%2Fcomments&post=4659"}],"version-history":[{"count":1,"href":"https:\/\/ladepeche.mr\/index.php?rest_route=\/wp\/v2\/posts\/4659\/revisions"}],"predecessor-version":[{"id":4662,"href":"https:\/\/ladepeche.mr\/index.php?rest_route=\/wp\/v2\/posts\/4659\/revisions\/4662"}],"wp:featuredmedia":[{"embeddable":true,"href":"https:\/\/ladepeche.mr\/index.php?rest_route=\/wp\/v2\/media\/4661"}],"wp:attachment":[{"href":"https:\/\/ladepeche.mr\/index.php?rest_route=%2Fwp%2Fv2%2Fmedia&parent=4659"}],"wp:term":[{"taxonomy":"category","embeddable":true,"href":"https:\/\/ladepeche.mr\/index.php?rest_route=%2Fwp%2Fv2%2Fcategories&post=4659"},{"taxonomy":"post_tag","embeddable":true,"href":"https:\/\/ladepeche.mr\/index.php?rest_route=%2Fwp%2Fv2%2Ftags&post=4659"}],"curies":[{"name":"wp","href":"https:\/\/api.w.org\/{rel}","templated":true}]}}