{"id":4670,"date":"2023-03-09T22:13:08","date_gmt":"2023-03-09T22:13:08","guid":{"rendered":"https:\/\/ladepeche.mr\/?p=4670"},"modified":"2023-03-09T22:13:08","modified_gmt":"2023-03-09T22:13:08","slug":"au-conseil-des-ministres-le-president-de-la-republique-renouvelle-son-engagement-de-renforcer-le-role-de-la-femme","status":"publish","type":"post","link":"https:\/\/ladepeche.mr\/?p=4670","title":{"rendered":"Au Conseil des ministres : Le Pr\u00e9sident de la R\u00e9publique renouvelle son engagement de renforcer le r\u00f4le de la femme"},"content":{"rendered":"<p>Le Conseil des ministres s\u2019est r\u00e9uni le Jeudi 09 mars 2023, sous la Pr\u00e9sidence de Son Excellence Monsieur le Pr\u00e9sident de la R\u00e9publique, Mohamed Ould Cheikh El Ghazouani.<\/p>\n<p>Le Conseil a examin\u00e9 et adopt\u00e9 les projets de d\u00e9crets suivants :<\/p>\n<p>-Projet de d\u00e9cret modifiant et compl\u00e9tant certaines dispositions du d\u00e9cret n\u00b02014-060 du 13 mai 2014 portant r\u00e9organisation et fonctionnement de la Commission Nationale des Concours.<\/p>\n<p>Le pr\u00e9sent projet de d\u00e9cret vise \u00e0 am\u00e9liorer le syst\u00e8me juridique en vigueur en mati\u00e8re d\u2019acc\u00e8s aux emplois publics et ce pour assurer plus d\u2019int\u00e9grit\u00e9, de transparence, d\u2019\u00e9quit\u00e9 et de performance \u00e0 travers la cr\u00e9ation d\u2019un m\u00e9canisme des recours jouissant de l\u2019autonomie dans la prise de d\u00e9cision.<\/p>\n<p>Les am\u00e9liorations introduites concernent aussi les missions de la Commission Nationale des Concours par l\u2019\u00e9largissement de son champ d\u2019interventions pour couvrir l\u2019enseignement sup\u00e9rieur, la responsabilit\u00e9 des jurys des concours et leurs rapports avec les candidats en plus des mesures relatives aux services d\u2019appui de la commission.<\/p>\n<p>-Projet de d\u00e9cret portant approbation du Contrat d\u2019Exploration-Production sur le Bloc C-2 du bassin C\u00f4tier sign\u00e9 le 21 f\u00e9vrier 2023 entre l\u2019Etat Mauritanien et la Soci\u00e9t\u00e9 Shell E&#038;P Mauritania.<\/p>\n<p>En application d\u2019une politique promotionnelle visant \u00e0 relancer le secteur p\u00e9trolier par, entre autres, la promotion de l\u2019exploration au niveau des blocs libres, dans une conjoncture marqu\u00e9e par la baisse des activit\u00e9s dans ce domaine, une certaine flexibilit\u00e9 est n\u00e9cessaire en vue de faire b\u00e9n\u00e9ficier notre pays des meilleures retomb\u00e9es sur l\u2019\u00e9conomie nationale, et de garder sa position comme pays attractif pour l\u2019investissement \u00e9tranger, c\u2019est dans ce cadre que ce projet de d\u00e9cret vient autoriser l\u2019approbation du Contrat d\u2019Exploration-Production sur le Bloc C-2 du bassin C\u00f4tier sign\u00e9 le 21 f\u00e9vrier 2023.<\/p>\n<p>-Projet de d\u00e9cret portant approbation de l\u2019Avenant n\u00b02 au Contrat d\u2019Exploration-Production sur le Bloc C-10 du bassin C\u00f4tier sign\u00e9 le 21 f\u00e9vrier 2023 entre l\u2019Etat Mauritanien et la Soci\u00e9t\u00e9 Shell E&#038;P Mauritania.<\/p>\n<p>Compte tenu de l\u2019importance de i) renforcer les capacit\u00e9s p\u00e9troli\u00e8res du bassin c\u00f4tier, en particulier dans la conjoncture internationale actuelle caract\u00e9ris\u00e9e par une diminution des activit\u00e9s d\u2019exploration, et ii) d\u2019am\u00e9liorer la flexibilit\u00e9 avec les concessionnaires situ\u00e9s dans les sections en eaux profondes d\u2019une part, et \u00e9tant donn\u00e9 que les dispositions de l\u2019article 20 du code des hydrocarbures bruts relatives \u00e0 la dur\u00e9e de la p\u00e9riode de recherche ont pu \u00eatre respect\u00e9es d\u2019autre part, ce projet de d\u00e9cret ent\u00e9rine la signature d\u2019un avenant qui int\u00e8gre le r\u00e9am\u00e9nagement des phases d\u2019exploration du contrat d\u2019Exploration-Production sur le Bloc C10 du bassin c\u00f4tier.<\/p>\n<p>Abordant la journ\u00e9e internationale de la femme, c\u00e9l\u00e9br\u00e9e hier mercredi 8 mars 2023 par notre pays \u00e0 l\u2019instar de la communaut\u00e9 internationale, Son Excellence Monsieur le Pr\u00e9sident de la R\u00e9publique pr\u00e9sente ses f\u00e9licitations \u00e0 toutes les femmes mauritaniennes pour leur engagement dans le processus du d\u00e9veloppement \u00e9conomique et social de notre pays et r\u00e9it\u00e8re son engagement pour la promotion de leur autonomisation et la protection de leurs droits.<\/p>\n<p>Le ministre des Affaires Etrang\u00e8res, de la Coop\u00e9ration et des Mauritaniens de l\u2019Ext\u00e9rieur a pr\u00e9sent\u00e9 une communication relative \u00e0 la situation internationale.<\/p>\n<p>Le ministre de l\u2019Int\u00e9rieur et de la D\u00e9centralisation a pr\u00e9sent\u00e9 une communication relative \u00e0 la situation int\u00e9rieure.<\/p>\n<p>Le ministre des Affaires Economiques et de la Promotion des Secteurs Productifs a pr\u00e9sent\u00e9 une communication relative \u00e0 l\u2019ex\u00e9cution des projets au mois de janvier 2023.<\/p>\n<p>La performance de la r\u00e9alisation des activit\u00e9s programm\u00e9es s\u2019est relativement am\u00e9lior\u00e9e au mois de janvier. Le nombre et le pourcentage de projets dont le niveau de performance est satisfaisant au mois de janvier est quasi-inchang\u00e9 par rapport au mois de d\u00e9cembre, tandis que le nombre de ceux dont le niveau de performance est moyen, a l\u00e9g\u00e8rement augment\u00e9. Ainsi donc la performance des 67 projets dont les r\u00e9ponses ont \u00e9t\u00e9 re\u00e7ues montre une dynamique de progression positive en janvier 2023.<\/p>\n<p>Enfin le Conseil a pris les mesures individuelles suivantes :<\/p>\n<p>Pr\u00e9sidence de la R\u00e9publique :<\/p>\n<p>Secr\u00e9tariat G\u00e9n\u00e9ral de la Pr\u00e9sidence de la R\u00e9publique<\/p>\n<p>Secr\u00e9taire G\u00e9n\u00e9ral du Conseil National de la Jeunesse<\/p>\n<p>\u2013 Ahmed Mohamed El Moctar Ismail, titulaire d\u2019un Baccalaureus en Droit et Cheria.<\/p>\n<p>Minist\u00e8re de l\u2019Habitat, de l\u2019Urbanisme et de l\u2019Am\u00e9nagement du Territoire<\/p>\n<p>Sont relev\u00e9s de leur fonction :<\/p>\n<p>\u2013 Yahfdhou Ould Chrif, Charg\u00e9 de Mission ;<\/p>\n<p>\u2013 Brahim Ould Ainina, Directeur de la Planification et de la R\u00e9gulation des Constructions.<\/p>\n<p>En outre, le Conseil a nomm\u00e9 les Pr\u00e9sidents des Commissions de passation des march\u00e9s, comme suit :<\/p>\n<p>\u2013 Drammane Seydi Boubou Camara pour le Premier Minist\u00e8re et le Secr\u00e9tariat G\u00e9n\u00e9ral du Gouvernement ;<\/p>\n<p>\u2013 Khadijetou Mohamed Leghdaf pour les Minist\u00e8res de la Justice ; et des Affaires Etrang\u00e8res, de la Coop\u00e9ration et des Mauritaniens de l\u2019Ext\u00e9rieur ;<\/p>\n<p>\u2013 Abdoulahi W\u00e9l\u00e9 pour les Minist\u00e8res des Affaires Islamiques de l\u2019Enseignement Originel ; et de l\u2019Action Sociale de l\u2019Enfance et de la Famille ;<\/p>\n<p>\u2013 Mohamed Lemine Cheikhna pour les Minist\u00e8res des Affaires Economiques et de la Promotion des Secteurs Productifs et des Finances ;<\/p>\n<p>\u2013 Maryem Haye pour les Minist\u00e8res de la Fonction Publique et du Travail ; et de l\u2019Emploi et de la Formation Professionnelle ;<\/p>\n<p>\u2013 Mbouye Hame Dey Baba pour le Minist\u00e8re de l\u2019Int\u00e9rieur et de la D\u00e9centralisation ;<\/p>\n<p>\u2013 Khoumbara Dah pour le Minist\u00e8re de l\u2019Education Nationale et de la R\u00e9forme du Syst\u00e8me Educatif ;<\/p>\n<p>\u2013 Ousmane Kane pour le Minist\u00e8re du P\u00e9trole, des Mines et de l\u2019Energie ;<\/p>\n<p>\u2013 Cheikh Ahmed Babou pour le Minist\u00e8re de la Sant\u00e9 ;<\/p>\n<p>\u2013 Brahim Ahmed Ethmane pour les Minist\u00e8res du Commerce, de l\u2019Industrie, de l\u2019Artisanat et du Tourisme ; et de l\u2019Enseignement Sup\u00e9rieur et de la Recherche Scientifique ;<\/p>\n<p>\u2013 Beibeni Ahmed Babou pour le Minist\u00e8re des P\u00eaches et de l\u2019Economie Maritime ;<\/p>\n<p>\u2013 Boye Maaouiya Mohamed El Moktar pour le Minist\u00e8re de l\u2019Habitat, de l\u2019Urbanisme et de l\u2019Am\u00e9nagement du Territoire ;<\/p>\n<p>\u2013 Mohamed Mouhamedou pour le Minist\u00e8re de l\u2019Agriculture ;<\/p>\n<p>\u2013 Hasni Barick pour le Minist\u00e8re de l\u2019Elevage;<\/p>\n<p>\u2013 Mohamed Yehdhih Sidi Ahmed pour le Minist\u00e8re de l\u2019Equipement et des Transports ;<\/p>\n<p>\u2013 Sid\u2019Ahmed Moustapha pour le Minist\u00e8re de l\u2019Hydraulique et de l\u2019Assainissement ;<\/p>\n<p>\u2013 Demba Lelech pour le Minist\u00e8re de la Transformation Num\u00e9rique, de l\u2019Innovation et de la Modernisation de l\u2019Administration ;<\/p>\n<p>\u2013 Yaghoub Di\u00e9ol pour le Minist\u00e8re de la Culture de la Jeunesse, des Sports et des Relations avec le Parlement ;<\/p>\n<p>\u2013 Dahid El Ghassem Zein pour le Minist\u00e8re de l\u2019Environnement et du D\u00e9veloppement Durable.<br \/>\nAmi<\/p>\n","protected":false},"excerpt":{"rendered":"<p>Le Conseil des ministres s\u2019est r\u00e9uni le Jeudi 09 mars 2023, sous la Pr\u00e9sidence de Son Excellence Monsieur le Pr\u00e9sident de la R\u00e9publique, Mohamed Ould Cheikh El Ghazouani. Le Conseil a examin\u00e9 et adopt\u00e9 les projets de d\u00e9crets suivants : -Projet de d\u00e9cret modifiant et compl\u00e9tant certaines dispositions du d\u00e9cret n\u00b02014-060 du 13 mai 2014 &hellip;<\/p>\n","protected":false},"author":2,"featured_media":2120,"comment_status":"open","ping_status":"open","sticky":false,"template":"","format":"standard","meta":{"footnotes":""},"categories":[18],"tags":[],"class_list":["post-4670","post","type-post","status-publish","format-standard","has-post-thumbnail","hentry","category-actualites"],"_links":{"self":[{"href":"https:\/\/ladepeche.mr\/index.php?rest_route=\/wp\/v2\/posts\/4670","targetHints":{"allow":["GET"]}}],"collection":[{"href":"https:\/\/ladepeche.mr\/index.php?rest_route=\/wp\/v2\/posts"}],"about":[{"href":"https:\/\/ladepeche.mr\/index.php?rest_route=\/wp\/v2\/types\/post"}],"author":[{"embeddable":true,"href":"https:\/\/ladepeche.mr\/index.php?rest_route=\/wp\/v2\/users\/2"}],"replies":[{"embeddable":true,"href":"https:\/\/ladepeche.mr\/index.php?rest_route=%2Fwp%2Fv2%2Fcomments&post=4670"}],"version-history":[{"count":1,"href":"https:\/\/ladepeche.mr\/index.php?rest_route=\/wp\/v2\/posts\/4670\/revisions"}],"predecessor-version":[{"id":4671,"href":"https:\/\/ladepeche.mr\/index.php?rest_route=\/wp\/v2\/posts\/4670\/revisions\/4671"}],"wp:featuredmedia":[{"embeddable":true,"href":"https:\/\/ladepeche.mr\/index.php?rest_route=\/wp\/v2\/media\/2120"}],"wp:attachment":[{"href":"https:\/\/ladepeche.mr\/index.php?rest_route=%2Fwp%2Fv2%2Fmedia&parent=4670"}],"wp:term":[{"taxonomy":"category","embeddable":true,"href":"https:\/\/ladepeche.mr\/index.php?rest_route=%2Fwp%2Fv2%2Fcategories&post=4670"},{"taxonomy":"post_tag","embeddable":true,"href":"https:\/\/ladepeche.mr\/index.php?rest_route=%2Fwp%2Fv2%2Ftags&post=4670"}],"curies":[{"name":"wp","href":"https:\/\/api.w.org\/{rel}","templated":true}]}}